{"id":19232,"date":"2022-05-24T09:17:14","date_gmt":"2022-05-24T07:17:14","guid":{"rendered":"http:\/\/www.studiogera.de\/001\/?p=19232"},"modified":"2022-05-24T09:17:15","modified_gmt":"2022-05-24T07:17:15","slug":"unfaelle-und-vorkommnisse-im-strassenverkehr-7","status":"publish","type":"post","link":"https:\/\/www.studiogera.de\/001\/2022\/05\/24\/unfaelle-und-vorkommnisse-im-strassenverkehr-7\/","title":{"rendered":"UNF\u00c4LLE UND VORKOMMNISSE IM STRASSENVERKEHR"},"content":{"rendered":"\n<p>Gegen 18.15 Uhr kamen Polizei und Rettungsdienst am Samstag, den 21. Mai, in der Untermh\u00e4user Stra\u00dfe zum Einsatz, nachdem dort ein Fahrradfahrer st\u00fcrzte. W\u00e4hrend des Einsatzes wurde bei dem 59-j\u00e4hrigen Mann ein Atemalkoholwert von mehr als zwei pro mille festgestellt. Er selbst wurde durch den Sturz leicht verletzt und musste zur \u00e4rztlichen Behandlung in ein Krankenhaus gebracht werden. Zudem wurde eine Blutentnahme angeordnet und ein Strafverfahren wegen Trunkenheit im Verkehr eingeleitet.<\/p>\n\n\n\n<p>Die technische Verkehrs\u00fcberwachung der Einsatzunterst\u00fctzung Gera kontrollierte am 18. Mai die Lichtzeichenanlage in der Gebr\u00fcder-H\u00e4u\u00dfler-Stra\u00dfe. Hier wurden in den Nachmittagsstunden 17 Rotlichts\u00fcnder festgestellt und gleich danach angehalten. Sechs Fahrzeugf\u00fchrer m\u00fcssen jetzt mit einem Bu\u00dfgeld in H\u00f6he von 200 Euro, zwei Punkten im Flensburger Verkehrsstrafenregister und einem Monat Fahrverbot rechnen. Die anderen zahlen ein Bu\u00dfgeld in H\u00f6he von 90 Euro. Ein Mercedes.Fahrer aus Gera \u00fcberfuhr die Ampel, nachdem diese bereits 4,36 Sekunden aktiv war.<\/p>\n\n\n\n<p>An der Kreuzung der Heinrichstra\u00dfe und der Stra\u00dfe Am Sommerbad ereignete sich am Samstag um 7.28 Uhr ein Verkehrsunfall. Ein 11-J\u00e4hriger stand kurz zuvor mit seinem Fahrrad an der Lichtzeichenanlage f\u00fcr Fu\u00dfg\u00e4nger und beabsichtigte diese in Richtung Elster zu \u00fcberqueren. Ein 34-J\u00e4hriger Audi-Fahrer n\u00e4herte sich der Kreuzung aus der Stra\u00dfe Elsterdamm und wollte \u00fcber diese weiter in Richtung der Stra\u00dfe Am Sommerbad fahren. Als er die Kreuzung bei gr\u00fcner Lichtzeichenanlage querte, missachtete der 11-J\u00e4hrige sein rotes Lichtzeichen und fuhr pl\u00f6tzlich auf die Kreuzung, sodass es trotz Gefahrenbremsung zur Kollision zwischen dem Jungen und dem PKW kam. Der Junge st\u00fcrzte vom Fahrrad und verletzte sich dadurch leicht. Am PKW entstand leichter Sachschaden.<\/p>\n\n\n\n<p>Am Samstagnachmittag ereignete sich um 13.40 Uhr ein Verkehrsunfall auf der Langenberger Stra\u00dfe. Zu diesem Zeitpunkt befuhr ein 75-J\u00e4hriger mit seinem PKW Ford die Langenberger Stra\u00dfe in Fahrtrichtung Bad K\u00f6stritz. Dabei geriet er auf die Gegenfahrbahn, kollidierte seitlich mit einem entgegenkommenden PKW Seat eines 37-J\u00e4hrigen und letztlich frontal mit einem PKW VW, der unmittelbar hinter dem Seat fuhr. Sowohl der 75-J\u00e4hrige als auch die zwei Frauen im VW, im Alter von 33 und 56 Jahren, wurden bei der Kollision schwer verletzt und mussten in umliegende Krankenh\u00e4user verlegt werden. Daf\u00fcr kamen auch ein Rettungshubschrauber und drei Rettungswagen zum Einsatz, sodass zeitweise eine Vollsperrung der Langenberger Stra\u00dfe erforderlich war. Zudem mussten alle beteiligten Fahrzeuge abgeschleppt werden, weil sie nicht mehr fahrbereit waren. Es entstand Sachschaden in f\u00fcnfstelliger H\u00f6he. Die Geraer Polizei hat die Ermittlungen zur Unfallursache aufgenommen. Nach ersten Erkenntnissen verlor der 75-J\u00e4hrige aufgrund eines gesundheitlichen Notfalls die Kontrolle \u00fcber sein Fahrzeug.<\/p>\n\n\n\n<p>Am Dienstag, den 17. Mai, fuhr eine 33-j\u00e4hrige Frau gegen 22.30 Uhr in einem PKW BMW ab der Einm\u00fcndung Trebnitzer Stra\u00dfe in die Berliner Stra\u00dfe &#8211; entgegen gesetzt der vorgegebenen Fahrtrichtung der Einbahnstra\u00dfe &#8211; ein und geriet schlie\u00dflich in das Gleisbett der Stra\u00dfenbahn. Hier fuhr die Frau noch ca. 50 Meter weiter, bis sie sich schlie\u00dflich festfuhr. Die hinzu gerufene Polizei stellte fest, dass die Dame mit einem Atemalkoholwert von 2,07 pro mille erheblich alkoholisiert war. Eine Blutentnahme wurde angeordnet, der F\u00fchrerschein einbehalten und ein Strafverfahren wegen Trunkenheit im Verkehr eingeleitet.<\/p>\n\n\n\n<p>Zum Zusammensto\u00df im Kreuzungsbereich Siemensstra\u00dfe\/Tinzer Stra\u00dfe kam es am 16. Mai kurz nach 12 Uhr zwischen zwei PKW. Aufgrund des Unfalles entstand an beiden Fahrzeugen, einem PKW Opel (Fahrer 20 Jahre alt) und einem PKW Hyundai (Fahrerin 20 Jahre alt) nicht unerheblicher Sachschaden. Ein Abschleppdienst musste angefordert werden. Zudem wurden alle Insassen der beiden Fahrzeuge verletzt und in der Folge medizinisch versorgt. Die Geraer Polizei hat die Ermittlungen zum Unfallschaden aufgenommen.<\/p>\n\n\n\n<p>Weil er ohne Licht durch Bad K\u00f6stritz fuhr, entschlossen sich Geraer Polizeibeamte am 16. Mai gegen 22 Uhr den Fahrer einer Simson in der Zeitzer Stra\u00dfe zu kontrollieren. Allerdings missachtete dieser s\u00e4mtliche Anhaltesignale und versucht u. a. \u00fcber den Bordstein zu fl\u00fcchten. Zudem klappte er sein Kennzeichen um, sodass es nicht mehr lesbar war. Seine Flucht war allerdings nicht von langer Dauer. Als sich die Beamten mit dem Fahrzeug an einer geeigneten Stelle abstellten, um den Fahrer anzuhalten, stie\u00df dieser schlie\u00dflich gegen das Fahrzeug. Verletzt wurde der 16-j\u00e4hrige Fahrer nicht. Die Kontrolle wurde daraufhin dennoch durchgef\u00fchrt und ein entsprechendes Verfahren gegen ihn eingeleitet. Am Ende der polizeilichen Ma\u00dfnahmen wurde er an seine Erziehungsberechtigten \u00fcbergeben.<\/p>\n\n\n\n<p>Nachdem der Geraer Polizei am 15. Mai gegen 8.30 Uhr ein PKW-Fahrer mitgeteilt wurde, welcher mit seinem PKW BMW die Theaterstra\u00dfe in stadtausw\u00e4rtiger Richtung fuhr und bereits beim scheinbaren Abbiegen nach links in die Joliot-Curie-Stra\u00dfe offensichtliche Ausfallerscheinungen zeigte, kamen mehrere Polizeistreifen zum Einsatz. Nicht nur die Ausfallerscheinungen wurden gemeldet, sondern ebenso eine durch den BMW verursachte Kollision mit einem geparkten PKW Suzuki, wobei der BMW-Fahrer seine Fahrt einfach fortsetzte. Die hinzugerufenen Beamten trafen den stark alkoholisierten Fahrzeugf\u00fchrer zu Hause an. Dieser verhielt sich \u00e4u\u00dferst unkooperativ und beleidigte bzw. bedrohte die anwesenden Beamten w\u00e4hrend der gesamten polizeilichen Ma\u00dfnahmen. Gegen den 51-J\u00e4hrigen wurden folglich entsprechende Ermittlungsverfahren eingeleitet.<\/p>\n","protected":false},"excerpt":{"rendered":"<div class=\"mh-excerpt\"><p>Gegen 18.15 Uhr kamen Polizei und Rettungsdienst am Samstag, den 21. Mai, in der Untermh\u00e4user Stra\u00dfe zum Einsatz, nachdem dort ein Fahrradfahrer st\u00fcrzte. W\u00e4hrend des Einsatzes wurde bei dem 59-j\u00e4hrigen Mann ein Atemalkoholwert von mehr <a class=\"mh-excerpt-more\" href=\"https:\/\/www.studiogera.de\/001\/2022\/05\/24\/unfaelle-und-vorkommnisse-im-strassenverkehr-7\/\" title=\"UNF\u00c4LLE UND VORKOMMNISSE IM STRASSENVERKEHR\">[&#8230;]<\/a><\/p>\n<\/div>","protected":false},"author":2,"featured_media":15685,"comment_status":"open","ping_status":"open","sticky":false,"template":"","format":"standard","meta":{"footnotes":""},"categories":[13],"tags":[],"class_list":{"0":"post-19232","1":"post","2":"type-post","3":"status-publish","4":"format-standard","5":"has-post-thumbnail","7":"category-polizeiberichte"},"_links":{"self":[{"href":"https:\/\/www.studiogera.de\/001\/wp-json\/wp\/v2\/posts\/19232","targetHints":{"allow":["GET"]}}],"collection":[{"href":"https:\/\/www.studiogera.de\/001\/wp-json\/wp\/v2\/posts"}],"about":[{"href":"https:\/\/www.studiogera.de\/001\/wp-json\/wp\/v2\/types\/post"}],"author":[{"embeddable":true,"href":"https:\/\/www.studiogera.de\/001\/wp-json\/wp\/v2\/users\/2"}],"replies":[{"embeddable":true,"href":"https:\/\/www.studiogera.de\/001\/wp-json\/wp\/v2\/comments?post=19232"}],"version-history":[{"count":1,"href":"https:\/\/www.studiogera.de\/001\/wp-json\/wp\/v2\/posts\/19232\/revisions"}],"predecessor-version":[{"id":19233,"href":"https:\/\/www.studiogera.de\/001\/wp-json\/wp\/v2\/posts\/19232\/revisions\/19233"}],"wp:featuredmedia":[{"embeddable":true,"href":"https:\/\/www.studiogera.de\/001\/wp-json\/wp\/v2\/media\/15685"}],"wp:attachment":[{"href":"https:\/\/www.studiogera.de\/001\/wp-json\/wp\/v2\/media?parent=19232"}],"wp:term":[{"taxonomy":"category","embeddable":true,"href":"https:\/\/www.studiogera.de\/001\/wp-json\/wp\/v2\/categories?post=19232"},{"taxonomy":"post_tag","embeddable":true,"href":"https:\/\/www.studiogera.de\/001\/wp-json\/wp\/v2\/tags?post=19232"}],"curies":[{"name":"wp","href":"https:\/\/api.w.org\/{rel}","templated":true}]}}