{"id":19351,"date":"2022-06-08T00:07:15","date_gmt":"2022-06-07T22:07:15","guid":{"rendered":"http:\/\/www.studiogera.de\/001\/?p=19351"},"modified":"2022-06-08T00:07:17","modified_gmt":"2022-06-07T22:07:17","slug":"musik-am-pavillon-mit-ehemaligen-schuelern-der-musikschule","status":"publish","type":"post","link":"https:\/\/www.studiogera.de\/001\/2022\/06\/08\/musik-am-pavillon-mit-ehemaligen-schuelern-der-musikschule\/","title":{"rendered":"\u201eMUSIK AM PAVILLON\u201c MIT EHEMALIGEN SCH\u00dcLERN DER MUSIKSCHULE"},"content":{"rendered":"\n<p>Finanziert aus F\u00f6rdermitteln der Staatskanzlei Th\u00fcringen wartet der Pavillon auf dem Au\u00dfengel\u00e4nde der Musikschule \u201eHeinrich Sch\u00fctz\u201c am Biermannplatz 1 seit seiner Fertigstellung im November 2021 auf seine musikalische Nutzung.<\/p>\n\n\n\n<p>Auf Initiative des F\u00f6rdervereins der Musikschule und unter der Schirmherrschaft von Ortsteilb\u00fcrgermeister Reinhard Schmalwasser sind nun im Juni, Juli und September dieses Jahres Freiluftveranstaltungen am Pavillon geplant, bei denen ehemalige Sch\u00fclerinnen und Sch\u00fcler der Musikschule als Solisten auftreten werden. Zum Auftakt l\u00e4dt der F\u00f6rderverein der Musikschule \u201eHeinrich Sch\u00fctz\u201c bei freiem Eintritt musikinteressierte Besucherinnen und Besucher am Samstag, den 11. Juni 2022, um 14 Uhr zur ersten \u201eMusik am Pavillon\u201c mit Fabian Hentschel.<\/p>\n\n\n\n<p>An der Geraer Musikschule erlernte Fabian Hentschel zun\u00e4chst Violine und Viola, musizierte im Quartett, im Orchester und in einer eigenen Band. Seit 2015 studiert er Jazzgitarre an der Hochschule f\u00fcr Musik und Theater in Leipzig und ist als freischaffender S\u00e4nger und Gitarrist solistisch und in verschiedenen Formationen aktiv. Jetzt kehrt er erstmals seit zehn Jahren an die Musikschule \u201eHeinrich Sch\u00fctz\u201c zur\u00fcck und wird Klassiker aus Soul, Pop und Jazz sowie eigene Kompositionen zu Geh\u00f6r bringen.<\/p>\n\n\n\n<p>Die musikalische Begr\u00fc\u00dfung gestalten Sch\u00fclerinnen und Sch\u00fcler des Streicherensembles der Musikschule unter der Leitung von Carolin Heil und Peter Wiegand.<\/p>\n\n\n\n<p>QUELLE: STADTVERWALTUNG<\/p>\n","protected":false},"excerpt":{"rendered":"<div class=\"mh-excerpt\"><p>Finanziert aus F\u00f6rdermitteln der Staatskanzlei Th\u00fcringen wartet der Pavillon auf dem Au\u00dfengel\u00e4nde der Musikschule \u201eHeinrich Sch\u00fctz\u201c am Biermannplatz 1 seit seiner Fertigstellung im November 2021 auf seine musikalische Nutzung. Auf Initiative des F\u00f6rdervereins der Musikschule <a class=\"mh-excerpt-more\" href=\"https:\/\/www.studiogera.de\/001\/2022\/06\/08\/musik-am-pavillon-mit-ehemaligen-schuelern-der-musikschule\/\" title=\"\u201eMUSIK AM PAVILLON\u201c MIT EHEMALIGEN SCH\u00dcLERN DER MUSIKSCHULE\">[&#8230;]<\/a><\/p>\n<\/div>","protected":false},"author":2,"featured_media":19352,"comment_status":"open","ping_status":"open","sticky":false,"template":"","format":"standard","meta":{"footnotes":""},"categories":[8],"tags":[],"class_list":{"0":"post-19351","1":"post","2":"type-post","3":"status-publish","4":"format-standard","5":"has-post-thumbnail","7":"category-kultur"},"_links":{"self":[{"href":"https:\/\/www.studiogera.de\/001\/wp-json\/wp\/v2\/posts\/19351","targetHints":{"allow":["GET"]}}],"collection":[{"href":"https:\/\/www.studiogera.de\/001\/wp-json\/wp\/v2\/posts"}],"about":[{"href":"https:\/\/www.studiogera.de\/001\/wp-json\/wp\/v2\/types\/post"}],"author":[{"embeddable":true,"href":"https:\/\/www.studiogera.de\/001\/wp-json\/wp\/v2\/users\/2"}],"replies":[{"embeddable":true,"href":"https:\/\/www.studiogera.de\/001\/wp-json\/wp\/v2\/comments?post=19351"}],"version-history":[{"count":1,"href":"https:\/\/www.studiogera.de\/001\/wp-json\/wp\/v2\/posts\/19351\/revisions"}],"predecessor-version":[{"id":19353,"href":"https:\/\/www.studiogera.de\/001\/wp-json\/wp\/v2\/posts\/19351\/revisions\/19353"}],"wp:featuredmedia":[{"embeddable":true,"href":"https:\/\/www.studiogera.de\/001\/wp-json\/wp\/v2\/media\/19352"}],"wp:attachment":[{"href":"https:\/\/www.studiogera.de\/001\/wp-json\/wp\/v2\/media?parent=19351"}],"wp:term":[{"taxonomy":"category","embeddable":true,"href":"https:\/\/www.studiogera.de\/001\/wp-json\/wp\/v2\/categories?post=19351"},{"taxonomy":"post_tag","embeddable":true,"href":"https:\/\/www.studiogera.de\/001\/wp-json\/wp\/v2\/tags?post=19351"}],"curies":[{"name":"wp","href":"https:\/\/api.w.org\/{rel}","templated":true}]}}