{"id":19363,"date":"2022-06-08T11:20:09","date_gmt":"2022-06-08T09:20:09","guid":{"rendered":"http:\/\/www.studiogera.de\/001\/?p=19363"},"modified":"2022-06-08T11:20:12","modified_gmt":"2022-06-08T09:20:12","slug":"13-jaehriges-maedchen-wird-vermisst","status":"publish","type":"post","link":"https:\/\/www.studiogera.de\/001\/2022\/06\/08\/13-jaehriges-maedchen-wird-vermisst\/","title":{"rendered":"13-J\u00c4HRIGES M\u00c4DCHEN WIRD VERMISST"},"content":{"rendered":"\n<p>Seit dem 31. Mai 2022 wird die in Gera wohnhafte 13-j\u00e4hrige Chayenne Neumann vermisst. Chayenne wirkt von der Erscheinung wie eine 16-J\u00e4hrige, ist 165 Zentimeter gro\u00df, schlank und hat dunkelbraunes l\u00e4ngeres Haar mit blonden Spitzen. Bekleidet war sie zuletzt mit einer blauen Jeanshose und einer schwarzen Windjacke.<\/p>\n\n\n\n<p>Die Geraer Polizei bittet um Ihre Mithilfe bei der Suche nach dem vermissten Kind. Hinweise nimmt die Kriminalpolizei unter der Rufnummer 0365 82341465 und jede andere Polizeidienststelle entgegen.<\/p>\n","protected":false},"excerpt":{"rendered":"<div class=\"mh-excerpt\"><p>Seit dem 31. Mai 2022 wird die in Gera wohnhafte 13-j\u00e4hrige Chayenne Neumann vermisst. Chayenne wirkt von der Erscheinung wie eine 16-J\u00e4hrige, ist 165 Zentimeter gro\u00df, schlank und hat dunkelbraunes l\u00e4ngeres Haar mit blonden Spitzen. <a class=\"mh-excerpt-more\" href=\"https:\/\/www.studiogera.de\/001\/2022\/06\/08\/13-jaehriges-maedchen-wird-vermisst\/\" title=\"13-J\u00c4HRIGES M\u00c4DCHEN WIRD VERMISST\">[&#8230;]<\/a><\/p>\n<\/div>","protected":false},"author":2,"featured_media":19365,"comment_status":"open","ping_status":"open","sticky":false,"template":"","format":"standard","meta":{"footnotes":""},"categories":[13],"tags":[],"class_list":{"0":"post-19363","1":"post","2":"type-post","3":"status-publish","4":"format-standard","5":"has-post-thumbnail","7":"category-polizeiberichte"},"_links":{"self":[{"href":"https:\/\/www.studiogera.de\/001\/wp-json\/wp\/v2\/posts\/19363","targetHints":{"allow":["GET"]}}],"collection":[{"href":"https:\/\/www.studiogera.de\/001\/wp-json\/wp\/v2\/posts"}],"about":[{"href":"https:\/\/www.studiogera.de\/001\/wp-json\/wp\/v2\/types\/post"}],"author":[{"embeddable":true,"href":"https:\/\/www.studiogera.de\/001\/wp-json\/wp\/v2\/users\/2"}],"replies":[{"embeddable":true,"href":"https:\/\/www.studiogera.de\/001\/wp-json\/wp\/v2\/comments?post=19363"}],"version-history":[{"count":1,"href":"https:\/\/www.studiogera.de\/001\/wp-json\/wp\/v2\/posts\/19363\/revisions"}],"predecessor-version":[{"id":19366,"href":"https:\/\/www.studiogera.de\/001\/wp-json\/wp\/v2\/posts\/19363\/revisions\/19366"}],"wp:featuredmedia":[{"embeddable":true,"href":"https:\/\/www.studiogera.de\/001\/wp-json\/wp\/v2\/media\/19365"}],"wp:attachment":[{"href":"https:\/\/www.studiogera.de\/001\/wp-json\/wp\/v2\/media?parent=19363"}],"wp:term":[{"taxonomy":"category","embeddable":true,"href":"https:\/\/www.studiogera.de\/001\/wp-json\/wp\/v2\/categories?post=19363"},{"taxonomy":"post_tag","embeddable":true,"href":"https:\/\/www.studiogera.de\/001\/wp-json\/wp\/v2\/tags?post=19363"}],"curies":[{"name":"wp","href":"https:\/\/api.w.org\/{rel}","templated":true}]}}