{"id":19553,"date":"2022-06-23T10:18:00","date_gmt":"2022-06-23T08:18:00","guid":{"rendered":"http:\/\/www.studiogera.de\/001\/?p=19553"},"modified":"2022-06-23T10:18:01","modified_gmt":"2022-06-23T08:18:01","slug":"aggressive-ladendiebe-in-der-heinrichstrasse","status":"publish","type":"post","link":"https:\/\/www.studiogera.de\/001\/2022\/06\/23\/aggressive-ladendiebe-in-der-heinrichstrasse\/","title":{"rendered":"AGGRESSIVE LADENDIEBE IN DER HEINRICHSTRASSE"},"content":{"rendered":"\n<p>Zwei M\u00e4nner im Alter von 27 und 33 Jahren wurden am 22. Juni 15.45 Uhr von Mitarbeitern eines Schuhgesch\u00e4ftes in der Heinrichstra\u00dfe beim Diebstahl von zwei Paar Turnschuhen erwischt. Als die Diebe in der Einkaufsst\u00e4tte auf die Tat angesprochen wurden, h\u00e4ndigte einer der beiden ein Paar Schuhe aus und fl\u00fcchtete unvermittelt in Richtung De-Smit-Stra\u00dfe. In einem dortigen Mehrfamilienhaus versuchte er sich Zugang zu einer Wohnung zu verschaffen, offenbar um sich zu verstecken. Durch nacheilende Polizeibeamte konnte der 27-J\u00e4hrige im Haus gestellt werden. Auch Der zweite Dieb, 33 Jahre alt, entfernte sich offenbar ebenfalls aus dem Einkaufshaus. Aus bislang unbekannter Motivation heraus begab er sich zu Polizeibeamten, welche am Platz der Republik gerade einen Verkehrsunfall aufnahmen und begann diese zu beleidigen und k\u00f6rperlich anzugreifen. Dies hatte zur Folge, dass er in Gewahrsam genommen wurde und zur Dienststelle verbracht. Bei ihm wurde schlie\u00dflich das zweite gestohlene Paar Schuhe aufgefunden und sichergestellt. Der 33-j\u00e4hrige T\u00e4ter randalierte in der Folge in einer der Gewahrsamszelle. Gegen beide Diebe wurden entsprechende Ermittlungsverfahren eingeleitet. Nach Beendigung der polizeilichen Ma\u00dfnahmen konnten sie wieder gehen.<\/p>\n","protected":false},"excerpt":{"rendered":"<div class=\"mh-excerpt\"><p>Zwei M\u00e4nner im Alter von 27 und 33 Jahren wurden am 22. Juni 15.45 Uhr von Mitarbeitern eines Schuhgesch\u00e4ftes in der Heinrichstra\u00dfe beim Diebstahl von zwei Paar Turnschuhen erwischt. Als die Diebe in der Einkaufsst\u00e4tte <a class=\"mh-excerpt-more\" href=\"https:\/\/www.studiogera.de\/001\/2022\/06\/23\/aggressive-ladendiebe-in-der-heinrichstrasse\/\" title=\"AGGRESSIVE LADENDIEBE IN DER HEINRICHSTRASSE\">[&#8230;]<\/a><\/p>\n<\/div>","protected":false},"author":3,"featured_media":15695,"comment_status":"open","ping_status":"open","sticky":false,"template":"","format":"standard","meta":{"footnotes":""},"categories":[13],"tags":[],"class_list":{"0":"post-19553","1":"post","2":"type-post","3":"status-publish","4":"format-standard","5":"has-post-thumbnail","7":"category-polizeiberichte"},"_links":{"self":[{"href":"https:\/\/www.studiogera.de\/001\/wp-json\/wp\/v2\/posts\/19553","targetHints":{"allow":["GET"]}}],"collection":[{"href":"https:\/\/www.studiogera.de\/001\/wp-json\/wp\/v2\/posts"}],"about":[{"href":"https:\/\/www.studiogera.de\/001\/wp-json\/wp\/v2\/types\/post"}],"author":[{"embeddable":true,"href":"https:\/\/www.studiogera.de\/001\/wp-json\/wp\/v2\/users\/3"}],"replies":[{"embeddable":true,"href":"https:\/\/www.studiogera.de\/001\/wp-json\/wp\/v2\/comments?post=19553"}],"version-history":[{"count":1,"href":"https:\/\/www.studiogera.de\/001\/wp-json\/wp\/v2\/posts\/19553\/revisions"}],"predecessor-version":[{"id":19554,"href":"https:\/\/www.studiogera.de\/001\/wp-json\/wp\/v2\/posts\/19553\/revisions\/19554"}],"wp:featuredmedia":[{"embeddable":true,"href":"https:\/\/www.studiogera.de\/001\/wp-json\/wp\/v2\/media\/15695"}],"wp:attachment":[{"href":"https:\/\/www.studiogera.de\/001\/wp-json\/wp\/v2\/media?parent=19553"}],"wp:term":[{"taxonomy":"category","embeddable":true,"href":"https:\/\/www.studiogera.de\/001\/wp-json\/wp\/v2\/categories?post=19553"},{"taxonomy":"post_tag","embeddable":true,"href":"https:\/\/www.studiogera.de\/001\/wp-json\/wp\/v2\/tags?post=19553"}],"curies":[{"name":"wp","href":"https:\/\/api.w.org\/{rel}","templated":true}]}}