{"id":19604,"date":"2022-06-27T14:48:52","date_gmt":"2022-06-27T12:48:52","guid":{"rendered":"http:\/\/www.studiogera.de\/001\/?p=19604"},"modified":"2022-06-27T14:48:54","modified_gmt":"2022-06-27T12:48:54","slug":"schwerer-vu-auf-der-bundesstrasse-2","status":"publish","type":"post","link":"https:\/\/www.studiogera.de\/001\/2022\/06\/27\/schwerer-vu-auf-der-bundesstrasse-2\/","title":{"rendered":"SCHWERER VU AUF DER BUNDESSTRASSE 2"},"content":{"rendered":"\n<p>Am Morgen des 27. Juni r\u00fcckten Rettungsdienst und Polizei aufgrund eines Verkehrsunfalls zur Bundesstra\u00dfe 2 aus. Nach derzeitigen Erkenntnissen verlor ein 62-j\u00e4hriger Motorradfahrer gegen 9.35 Uhr, im Rahmen eines \u00dcberholman\u00f6vers eines PKW VW, entlang der Bundesstra\u00dfe von Zeitz in Richtung Gera, die Kontrolle \u00fcber sein Gef\u00e4hrt. In der Folge kollidierte er mit der Leitplanke und \u00fcberschlug sich mehrmals. Schwer verletzt kam er in ein Krankenhaus. Aufgrund des Unfalles war die Bundesstra\u00dfe 2 in diesem Bereich bis kurz vor 11 Uhr zum Teil vollst\u00e4ndig gesperrt. Das Motorrad musste zudem abgeschleppt werden. Die Geraer Polizei hat die Ermittlungen zum Unfall aufgenommen.<\/p>\n","protected":false},"excerpt":{"rendered":"<div class=\"mh-excerpt\"><p>Am Morgen des 27. Juni r\u00fcckten Rettungsdienst und Polizei aufgrund eines Verkehrsunfalls zur Bundesstra\u00dfe 2 aus. Nach derzeitigen Erkenntnissen verlor ein 62-j\u00e4hriger Motorradfahrer gegen 9.35 Uhr, im Rahmen eines \u00dcberholman\u00f6vers eines PKW VW, entlang der <a class=\"mh-excerpt-more\" href=\"https:\/\/www.studiogera.de\/001\/2022\/06\/27\/schwerer-vu-auf-der-bundesstrasse-2\/\" title=\"SCHWERER VU AUF DER BUNDESSTRASSE 2\">[&#8230;]<\/a><\/p>\n<\/div>","protected":false},"author":3,"featured_media":9357,"comment_status":"open","ping_status":"open","sticky":false,"template":"","format":"standard","meta":{"footnotes":""},"categories":[13],"tags":[],"class_list":{"0":"post-19604","1":"post","2":"type-post","3":"status-publish","4":"format-standard","5":"has-post-thumbnail","7":"category-polizeiberichte"},"_links":{"self":[{"href":"https:\/\/www.studiogera.de\/001\/wp-json\/wp\/v2\/posts\/19604","targetHints":{"allow":["GET"]}}],"collection":[{"href":"https:\/\/www.studiogera.de\/001\/wp-json\/wp\/v2\/posts"}],"about":[{"href":"https:\/\/www.studiogera.de\/001\/wp-json\/wp\/v2\/types\/post"}],"author":[{"embeddable":true,"href":"https:\/\/www.studiogera.de\/001\/wp-json\/wp\/v2\/users\/3"}],"replies":[{"embeddable":true,"href":"https:\/\/www.studiogera.de\/001\/wp-json\/wp\/v2\/comments?post=19604"}],"version-history":[{"count":1,"href":"https:\/\/www.studiogera.de\/001\/wp-json\/wp\/v2\/posts\/19604\/revisions"}],"predecessor-version":[{"id":19605,"href":"https:\/\/www.studiogera.de\/001\/wp-json\/wp\/v2\/posts\/19604\/revisions\/19605"}],"wp:featuredmedia":[{"embeddable":true,"href":"https:\/\/www.studiogera.de\/001\/wp-json\/wp\/v2\/media\/9357"}],"wp:attachment":[{"href":"https:\/\/www.studiogera.de\/001\/wp-json\/wp\/v2\/media?parent=19604"}],"wp:term":[{"taxonomy":"category","embeddable":true,"href":"https:\/\/www.studiogera.de\/001\/wp-json\/wp\/v2\/categories?post=19604"},{"taxonomy":"post_tag","embeddable":true,"href":"https:\/\/www.studiogera.de\/001\/wp-json\/wp\/v2\/tags?post=19604"}],"curies":[{"name":"wp","href":"https:\/\/api.w.org\/{rel}","templated":true}]}}