{"id":19616,"date":"2022-06-28T23:11:34","date_gmt":"2022-06-28T21:11:34","guid":{"rendered":"http:\/\/www.studiogera.de\/001\/?p=19616"},"modified":"2022-06-28T23:11:36","modified_gmt":"2022-06-28T21:11:36","slug":"museum-fuer-naturkunde-wegen-havarie-voruebergehend-geschlossen","status":"publish","type":"post","link":"https:\/\/www.studiogera.de\/001\/2022\/06\/28\/museum-fuer-naturkunde-wegen-havarie-voruebergehend-geschlossen\/","title":{"rendered":"MUSEUM F\u00dcR NATURKUNDE WEGEN HAVARIE VOR\u00dcBERGEHEND GESCHLOSSEN"},"content":{"rendered":"\n<p>Durch das Gewitter am vergangenen Freitag wurde die Brandmeldeanlage im Museum f\u00fcr Naturkunde besch\u00e4digt und in ihrer Funktionst\u00fcchtigkeit beeinflusst. Aus Sicherheitsgr\u00fcnden musste das Museum am vergangenen Wochenende daraufhin geschlossen bleiben. Derzeit arbeiten die Stadtverwaltung und die Kommunale Immobilienbewirtschaftung \u201eElstertal-Infraprojekt\u201c an der Behebung des Schadens. Bis dahin muss das Museum f\u00fcr Naturkunde jedoch f\u00fcr den \u00f6ffentlichen Besucherverkehr geschlossen bleiben.\u00a0Auch bereits vereinbarte F\u00fchrungen k\u00f6nnen bis zur Reparatur des Schadens nicht stattfinden.<\/p>\n","protected":false},"excerpt":{"rendered":"<div class=\"mh-excerpt\"><p>Durch das Gewitter am vergangenen Freitag wurde die Brandmeldeanlage im Museum f\u00fcr Naturkunde besch\u00e4digt und in ihrer Funktionst\u00fcchtigkeit beeinflusst. Aus Sicherheitsgr\u00fcnden musste das Museum am vergangenen Wochenende daraufhin geschlossen bleiben. Derzeit arbeiten die Stadtverwaltung und <a class=\"mh-excerpt-more\" href=\"https:\/\/www.studiogera.de\/001\/2022\/06\/28\/museum-fuer-naturkunde-wegen-havarie-voruebergehend-geschlossen\/\" title=\"MUSEUM F\u00dcR NATURKUNDE WEGEN HAVARIE VOR\u00dcBERGEHEND GESCHLOSSEN\">[&#8230;]<\/a><\/p>\n<\/div>","protected":false},"author":3,"featured_media":1630,"comment_status":"open","ping_status":"open","sticky":false,"template":"","format":"standard","meta":{"footnotes":""},"categories":[16],"tags":[],"class_list":{"0":"post-19616","1":"post","2":"type-post","3":"status-publish","4":"format-standard","5":"has-post-thumbnail","7":"category-kurzmitteilungen"},"_links":{"self":[{"href":"https:\/\/www.studiogera.de\/001\/wp-json\/wp\/v2\/posts\/19616","targetHints":{"allow":["GET"]}}],"collection":[{"href":"https:\/\/www.studiogera.de\/001\/wp-json\/wp\/v2\/posts"}],"about":[{"href":"https:\/\/www.studiogera.de\/001\/wp-json\/wp\/v2\/types\/post"}],"author":[{"embeddable":true,"href":"https:\/\/www.studiogera.de\/001\/wp-json\/wp\/v2\/users\/3"}],"replies":[{"embeddable":true,"href":"https:\/\/www.studiogera.de\/001\/wp-json\/wp\/v2\/comments?post=19616"}],"version-history":[{"count":1,"href":"https:\/\/www.studiogera.de\/001\/wp-json\/wp\/v2\/posts\/19616\/revisions"}],"predecessor-version":[{"id":19617,"href":"https:\/\/www.studiogera.de\/001\/wp-json\/wp\/v2\/posts\/19616\/revisions\/19617"}],"wp:featuredmedia":[{"embeddable":true,"href":"https:\/\/www.studiogera.de\/001\/wp-json\/wp\/v2\/media\/1630"}],"wp:attachment":[{"href":"https:\/\/www.studiogera.de\/001\/wp-json\/wp\/v2\/media?parent=19616"}],"wp:term":[{"taxonomy":"category","embeddable":true,"href":"https:\/\/www.studiogera.de\/001\/wp-json\/wp\/v2\/categories?post=19616"},{"taxonomy":"post_tag","embeddable":true,"href":"https:\/\/www.studiogera.de\/001\/wp-json\/wp\/v2\/tags?post=19616"}],"curies":[{"name":"wp","href":"https:\/\/api.w.org\/{rel}","templated":true}]}}