{"id":19618,"date":"2022-06-29T12:11:35","date_gmt":"2022-06-29T10:11:35","guid":{"rendered":"http:\/\/www.studiogera.de\/001\/?p=19618"},"modified":"2022-06-29T12:11:51","modified_gmt":"2022-06-29T10:11:51","slug":"krankenfahrstuehle-in-lusan-entwendet","status":"publish","type":"post","link":"https:\/\/www.studiogera.de\/001\/2022\/06\/29\/krankenfahrstuehle-in-lusan-entwendet\/","title":{"rendered":"KRANKENFAHRST\u00dcHLE IN LUSAN ENTWENDET"},"content":{"rendered":"\n<p>In der Nacht vom 26. zum 27. Juni 2022 entwendeten bislang unbekannte T\u00e4ter zwei elektrisch betriebene Krankenfahrst\u00fchle aus dem Keller eines Mehrfamilienhauses in der Bruno-Brause-Stra\u00dfe. Nach Hinweis einer Zeugin konnte das Beutegut am 29. Juni 2022 in der Werner-Petzold-Stra\u00dfe wieder aufgefunden und dem Eigent\u00fcmer \u00fcbergeben werden. Ermittlungen zum besonders schweren Fall des Diebstahls wurden eingeleitet. Zeugen, welche in diesem Zusammenhang Wahrnehmungen gemacht haben, werden gebeten, sich beim Inspektionsdienst Gera, Rufnummer 0365 8290, zu melden.<\/p>\n","protected":false},"excerpt":{"rendered":"<div class=\"mh-excerpt\"><p>In der Nacht vom 26. zum 27. Juni 2022 entwendeten bislang unbekannte T\u00e4ter zwei elektrisch betriebene Krankenfahrst\u00fchle aus dem Keller eines Mehrfamilienhauses in der Bruno-Brause-Stra\u00dfe. Nach Hinweis einer Zeugin konnte das Beutegut am 29. Juni <a class=\"mh-excerpt-more\" href=\"https:\/\/www.studiogera.de\/001\/2022\/06\/29\/krankenfahrstuehle-in-lusan-entwendet\/\" title=\"KRANKENFAHRST\u00dcHLE IN LUSAN ENTWENDET\">[&#8230;]<\/a><\/p>\n<\/div>","protected":false},"author":3,"featured_media":9356,"comment_status":"open","ping_status":"open","sticky":false,"template":"","format":"standard","meta":{"footnotes":""},"categories":[13],"tags":[],"class_list":{"0":"post-19618","1":"post","2":"type-post","3":"status-publish","4":"format-standard","5":"has-post-thumbnail","7":"category-polizeiberichte"},"_links":{"self":[{"href":"https:\/\/www.studiogera.de\/001\/wp-json\/wp\/v2\/posts\/19618","targetHints":{"allow":["GET"]}}],"collection":[{"href":"https:\/\/www.studiogera.de\/001\/wp-json\/wp\/v2\/posts"}],"about":[{"href":"https:\/\/www.studiogera.de\/001\/wp-json\/wp\/v2\/types\/post"}],"author":[{"embeddable":true,"href":"https:\/\/www.studiogera.de\/001\/wp-json\/wp\/v2\/users\/3"}],"replies":[{"embeddable":true,"href":"https:\/\/www.studiogera.de\/001\/wp-json\/wp\/v2\/comments?post=19618"}],"version-history":[{"count":1,"href":"https:\/\/www.studiogera.de\/001\/wp-json\/wp\/v2\/posts\/19618\/revisions"}],"predecessor-version":[{"id":19619,"href":"https:\/\/www.studiogera.de\/001\/wp-json\/wp\/v2\/posts\/19618\/revisions\/19619"}],"wp:featuredmedia":[{"embeddable":true,"href":"https:\/\/www.studiogera.de\/001\/wp-json\/wp\/v2\/media\/9356"}],"wp:attachment":[{"href":"https:\/\/www.studiogera.de\/001\/wp-json\/wp\/v2\/media?parent=19618"}],"wp:term":[{"taxonomy":"category","embeddable":true,"href":"https:\/\/www.studiogera.de\/001\/wp-json\/wp\/v2\/categories?post=19618"},{"taxonomy":"post_tag","embeddable":true,"href":"https:\/\/www.studiogera.de\/001\/wp-json\/wp\/v2\/tags?post=19618"}],"curies":[{"name":"wp","href":"https:\/\/api.w.org\/{rel}","templated":true}]}}