{"id":19667,"date":"2022-07-03T19:17:49","date_gmt":"2022-07-03T17:17:49","guid":{"rendered":"http:\/\/www.studiogera.de\/001\/?p=19667"},"modified":"2022-07-03T19:17:50","modified_gmt":"2022-07-03T17:17:50","slug":"vu-mit-motorraedern-in-der-clara-zetkin-strasse","status":"publish","type":"post","link":"https:\/\/www.studiogera.de\/001\/2022\/07\/03\/vu-mit-motorraedern-in-der-clara-zetkin-strasse\/","title":{"rendered":"VU MIT MOTORR\u00c4DERN IN DER CLARA-ZETKIN-STRASSE"},"content":{"rendered":"\n<p>Zu einem Verkehrsunfall mit zwei Verletzten kam es am Samstag um 11.42 Uhr in der Clara-Zetkin-Stra\u00dfe. Ein 47-J\u00e4hriger fuhr mit seinem Motorrad, auf dem er auch seinen zehnj\u00e4hrigen Sohn bef\u00f6rderte, aus Richtung Berliner Stra\u00dfe kommend in Richtung Amthorstra\u00dfe. An der Kreuzung Humboldtstra\u00dfe kam aus dieser ein 24-J\u00e4hriger mit einem Kleintransporter. Dieser fuhr in Richtung Zabelstra\u00dfe in die Kreuzung ein und \u00fcbersah dabei das herannahende Motorrad, sodass es zur Kollision kam. Vater und Sohn st\u00fcrzten und wurden leicht verletzt ins Klinikum transportiert. Gegen den Unfallverursacher wurde ein Verfahren wegen fahrl\u00e4ssiger K\u00f6rperverletzung eingeleitet. An beiden Fahrzeugen entstand Sachschaden.<\/p>\n","protected":false},"excerpt":{"rendered":"<div class=\"mh-excerpt\"><p>Zu einem Verkehrsunfall mit zwei Verletzten kam es am Samstag um 11.42 Uhr in der Clara-Zetkin-Stra\u00dfe. Ein 47-J\u00e4hriger fuhr mit seinem Motorrad, auf dem er auch seinen zehnj\u00e4hrigen Sohn bef\u00f6rderte, aus Richtung Berliner Stra\u00dfe kommend <a class=\"mh-excerpt-more\" href=\"https:\/\/www.studiogera.de\/001\/2022\/07\/03\/vu-mit-motorraedern-in-der-clara-zetkin-strasse\/\" title=\"VU MIT MOTORR\u00c4DERN IN DER CLARA-ZETKIN-STRASSE\">[&#8230;]<\/a><\/p>\n<\/div>","protected":false},"author":3,"featured_media":9356,"comment_status":"open","ping_status":"open","sticky":false,"template":"","format":"standard","meta":{"footnotes":""},"categories":[13],"tags":[],"class_list":{"0":"post-19667","1":"post","2":"type-post","3":"status-publish","4":"format-standard","5":"has-post-thumbnail","7":"category-polizeiberichte"},"_links":{"self":[{"href":"https:\/\/www.studiogera.de\/001\/wp-json\/wp\/v2\/posts\/19667","targetHints":{"allow":["GET"]}}],"collection":[{"href":"https:\/\/www.studiogera.de\/001\/wp-json\/wp\/v2\/posts"}],"about":[{"href":"https:\/\/www.studiogera.de\/001\/wp-json\/wp\/v2\/types\/post"}],"author":[{"embeddable":true,"href":"https:\/\/www.studiogera.de\/001\/wp-json\/wp\/v2\/users\/3"}],"replies":[{"embeddable":true,"href":"https:\/\/www.studiogera.de\/001\/wp-json\/wp\/v2\/comments?post=19667"}],"version-history":[{"count":1,"href":"https:\/\/www.studiogera.de\/001\/wp-json\/wp\/v2\/posts\/19667\/revisions"}],"predecessor-version":[{"id":19668,"href":"https:\/\/www.studiogera.de\/001\/wp-json\/wp\/v2\/posts\/19667\/revisions\/19668"}],"wp:featuredmedia":[{"embeddable":true,"href":"https:\/\/www.studiogera.de\/001\/wp-json\/wp\/v2\/media\/9356"}],"wp:attachment":[{"href":"https:\/\/www.studiogera.de\/001\/wp-json\/wp\/v2\/media?parent=19667"}],"wp:term":[{"taxonomy":"category","embeddable":true,"href":"https:\/\/www.studiogera.de\/001\/wp-json\/wp\/v2\/categories?post=19667"},{"taxonomy":"post_tag","embeddable":true,"href":"https:\/\/www.studiogera.de\/001\/wp-json\/wp\/v2\/tags?post=19667"}],"curies":[{"name":"wp","href":"https:\/\/api.w.org\/{rel}","templated":true}]}}