{"id":19669,"date":"2022-07-03T19:22:57","date_gmt":"2022-07-03T17:22:57","guid":{"rendered":"http:\/\/www.studiogera.de\/001\/?p=19669"},"modified":"2022-07-03T19:22:59","modified_gmt":"2022-07-03T17:22:59","slug":"dieb-in-lusan-gefasst","status":"publish","type":"post","link":"https:\/\/www.studiogera.de\/001\/2022\/07\/03\/dieb-in-lusan-gefasst\/","title":{"rendered":"DIEB IN LUSAN GEFASST"},"content":{"rendered":"\n<p>Am Samstag begab sich ein 35-J\u00e4hriger um 13.30 Uhr in die Einkaufsst\u00e4tte &#8222;Kaufland&#8220; in Lusan. Anstatt alle ben\u00f6tigten Waren zu bezahlen, steckte er einen Teil davon in seine Tasche und passierte die Kassenzone. Dies bemerkte eine Kassiererin und stoppte den Mann. Als die Polizei eingetroffen war, wurden bei dem Dieb mehrere gestohlene Zigarettenschachteln gefunden. Au\u00dferdem kam heraus, dass gegen den Mann ein offener Haftbefehl wegen mehrfachem Ladendiebstahls bestand. Er wurde verhaftet und in eine Justizvollzugsanstalt gebracht.<\/p>\n","protected":false},"excerpt":{"rendered":"<div class=\"mh-excerpt\"><p>Am Samstag begab sich ein 35-J\u00e4hriger um 13.30 Uhr in die Einkaufsst\u00e4tte &#8222;Kaufland&#8220; in Lusan. Anstatt alle ben\u00f6tigten Waren zu bezahlen, steckte er einen Teil davon in seine Tasche und passierte die Kassenzone. Dies bemerkte <a class=\"mh-excerpt-more\" href=\"https:\/\/www.studiogera.de\/001\/2022\/07\/03\/dieb-in-lusan-gefasst\/\" title=\"DIEB IN LUSAN GEFASST\">[&#8230;]<\/a><\/p>\n<\/div>","protected":false},"author":3,"featured_media":9353,"comment_status":"open","ping_status":"open","sticky":false,"template":"","format":"standard","meta":{"footnotes":""},"categories":[13],"tags":[],"class_list":{"0":"post-19669","1":"post","2":"type-post","3":"status-publish","4":"format-standard","5":"has-post-thumbnail","7":"category-polizeiberichte"},"_links":{"self":[{"href":"https:\/\/www.studiogera.de\/001\/wp-json\/wp\/v2\/posts\/19669","targetHints":{"allow":["GET"]}}],"collection":[{"href":"https:\/\/www.studiogera.de\/001\/wp-json\/wp\/v2\/posts"}],"about":[{"href":"https:\/\/www.studiogera.de\/001\/wp-json\/wp\/v2\/types\/post"}],"author":[{"embeddable":true,"href":"https:\/\/www.studiogera.de\/001\/wp-json\/wp\/v2\/users\/3"}],"replies":[{"embeddable":true,"href":"https:\/\/www.studiogera.de\/001\/wp-json\/wp\/v2\/comments?post=19669"}],"version-history":[{"count":1,"href":"https:\/\/www.studiogera.de\/001\/wp-json\/wp\/v2\/posts\/19669\/revisions"}],"predecessor-version":[{"id":19670,"href":"https:\/\/www.studiogera.de\/001\/wp-json\/wp\/v2\/posts\/19669\/revisions\/19670"}],"wp:featuredmedia":[{"embeddable":true,"href":"https:\/\/www.studiogera.de\/001\/wp-json\/wp\/v2\/media\/9353"}],"wp:attachment":[{"href":"https:\/\/www.studiogera.de\/001\/wp-json\/wp\/v2\/media?parent=19669"}],"wp:term":[{"taxonomy":"category","embeddable":true,"href":"https:\/\/www.studiogera.de\/001\/wp-json\/wp\/v2\/categories?post=19669"},{"taxonomy":"post_tag","embeddable":true,"href":"https:\/\/www.studiogera.de\/001\/wp-json\/wp\/v2\/tags?post=19669"}],"curies":[{"name":"wp","href":"https:\/\/api.w.org\/{rel}","templated":true}]}}