{"id":19671,"date":"2022-07-04T04:46:27","date_gmt":"2022-07-04T02:46:27","guid":{"rendered":"http:\/\/www.studiogera.de\/001\/?p=19671"},"modified":"2022-07-04T04:46:29","modified_gmt":"2022-07-04T02:46:29","slug":"grundhafte-sanierung-der-salzstrasse-ab-4-juli-2022","status":"publish","type":"post","link":"https:\/\/www.studiogera.de\/001\/2022\/07\/04\/grundhafte-sanierung-der-salzstrasse-ab-4-juli-2022\/","title":{"rendered":"GRUNDHAFTE SANIERUNG DER SALZSTRASSE AB 4. JULI 2022"},"content":{"rendered":"\n<p>Im Auftrag der Stadt Gera, des Zweckverbandes Wasser\/Abwasser \u201eMittleres Elstertal\u201c und der Energieversorgung Gera GmbH beginnen am 4. Juli 2022 umfangreiche Bauarbeiten in der Salzstra\u00dfe vom Knotenpunkt Friedensbr\u00fccke bis zur Einm\u00fcndung Gartenstra\u00dfe. Erneuert werden der Abwasserkanal, die Trinkwasserleitung, Leitungen der Energieversorgung, der komplette Stra\u00dfenraum mit Gehwegen, Fahrbahn und Parkstellfl\u00e4chen sowie die Stra\u00dfenbeleuchtung. Die Sanierungsarbeiten werden voraussichtlich bis Juni 2023 fertiggestellt sein.<\/p>\n\n\n\n<p>F\u00fcr den komplexen Stra\u00dfenausbau erh\u00e4lt die Stadt Gera Mittel aus dem F\u00f6rderprogramm \u201eKommunale Verkehrsinfrastruktur-KVI\u201c vom Freistaat Th\u00fcringen.<\/p>\n\n\n\n<p>Die Durchf\u00fchrung der Arbeiten erfordert eine Vollsperrung des Durchgangsverkehrs im betreffenden Abschnitt. Das Umfahren \u00fcber die Zwickauer Stra\u00dfe wird empfohlen. W\u00e4hrend der Bauphase kann die Haltestelle \u201eUntitzer Stra\u00dfe\u201c nicht mehr angefahren werden. Die Buslinien fahren im Umleitungsverkehr jeweils bis zur Haltestelle \u201eLiebschwitz\u201c an der Wendeschleife Salzstra\u00dfe.<\/p>\n\n\n\n<p>Die Stadt Gera bittet alle Anwohner und Verkehrsteilnehmer um Verst\u00e4ndnis f\u00fcr diese Einschr\u00e4nkungen.<\/p>\n\n\n\n<p>QUELLE: STADTVERWALTUNG<\/p>\n","protected":false},"excerpt":{"rendered":"<div class=\"mh-excerpt\"><p>Im Auftrag der Stadt Gera, des Zweckverbandes Wasser\/Abwasser \u201eMittleres Elstertal\u201c und der Energieversorgung Gera GmbH beginnen am 4. Juli 2022 umfangreiche Bauarbeiten in der Salzstra\u00dfe vom Knotenpunkt Friedensbr\u00fccke bis zur Einm\u00fcndung Gartenstra\u00dfe. Erneuert werden der <a class=\"mh-excerpt-more\" href=\"https:\/\/www.studiogera.de\/001\/2022\/07\/04\/grundhafte-sanierung-der-salzstrasse-ab-4-juli-2022\/\" title=\"GRUNDHAFTE SANIERUNG DER SALZSTRASSE AB 4. JULI 2022\">[&#8230;]<\/a><\/p>\n<\/div>","protected":false},"author":3,"featured_media":8479,"comment_status":"open","ping_status":"open","sticky":false,"template":"","format":"standard","meta":{"footnotes":""},"categories":[16],"tags":[],"class_list":{"0":"post-19671","1":"post","2":"type-post","3":"status-publish","4":"format-standard","5":"has-post-thumbnail","7":"category-kurzmitteilungen"},"_links":{"self":[{"href":"https:\/\/www.studiogera.de\/001\/wp-json\/wp\/v2\/posts\/19671","targetHints":{"allow":["GET"]}}],"collection":[{"href":"https:\/\/www.studiogera.de\/001\/wp-json\/wp\/v2\/posts"}],"about":[{"href":"https:\/\/www.studiogera.de\/001\/wp-json\/wp\/v2\/types\/post"}],"author":[{"embeddable":true,"href":"https:\/\/www.studiogera.de\/001\/wp-json\/wp\/v2\/users\/3"}],"replies":[{"embeddable":true,"href":"https:\/\/www.studiogera.de\/001\/wp-json\/wp\/v2\/comments?post=19671"}],"version-history":[{"count":1,"href":"https:\/\/www.studiogera.de\/001\/wp-json\/wp\/v2\/posts\/19671\/revisions"}],"predecessor-version":[{"id":19672,"href":"https:\/\/www.studiogera.de\/001\/wp-json\/wp\/v2\/posts\/19671\/revisions\/19672"}],"wp:featuredmedia":[{"embeddable":true,"href":"https:\/\/www.studiogera.de\/001\/wp-json\/wp\/v2\/media\/8479"}],"wp:attachment":[{"href":"https:\/\/www.studiogera.de\/001\/wp-json\/wp\/v2\/media?parent=19671"}],"wp:term":[{"taxonomy":"category","embeddable":true,"href":"https:\/\/www.studiogera.de\/001\/wp-json\/wp\/v2\/categories?post=19671"},{"taxonomy":"post_tag","embeddable":true,"href":"https:\/\/www.studiogera.de\/001\/wp-json\/wp\/v2\/tags?post=19671"}],"curies":[{"name":"wp","href":"https:\/\/api.w.org\/{rel}","templated":true}]}}