{"id":19673,"date":"2022-07-04T05:15:07","date_gmt":"2022-07-04T03:15:07","guid":{"rendered":"http:\/\/www.studiogera.de\/001\/?p=19673"},"modified":"2022-07-04T05:16:11","modified_gmt":"2022-07-04T03:16:11","slug":"geras-groesster-stadtteil-feiert-jubilaeum","status":"publish","type":"post","link":"https:\/\/www.studiogera.de\/001\/2022\/07\/04\/geras-groesster-stadtteil-feiert-jubilaeum\/","title":{"rendered":"GERAS GR\u00d6SSTER STADTTEIL FEIERT JUBIL\u00c4UM"},"content":{"rendered":"\n<p>Geras gr\u00f6\u00dfter Stadtteil Lusan feierte am 2. Juli 2022 unter dem Motto\u00a0\u201eMit einem Fu\u00df im Paradies \u2013 in Lusan ist was los. Bunt, vielf\u00e4ltig, kreativ\u201c\u00a0seinen 50. Jahrestag mit einem gro\u00dfen Familienfest.\u00a0Verteilt \u00fcber den gesamten Stadtteil \u00f6ffneten Einrichtungen, Vereine und Firmen ihre T\u00fcren und zeigten, was Lusan zu bieten hat. Begleitet wurde die Veranstaltung von einem B\u00fchnenprogramm mit Musik aus Lusan.<\/p>\n\n\n\n<p>Oberb\u00fcrgermeister Julian Vonarb er\u00f6ffnete das Stadtteilfest mit folgenden Worten:<\/p>\n\n\n\n<blockquote class=\"wp-block-quote is-layout-flow wp-block-quote-is-layout-flow\"><p>\u201eDie Menschen, die hier leben, haben im Grunde eine doppelte Stadtb\u00fcrgerschaft. Sie\u00a0sind nicht nur Geraer, sondern in erster Linie Lusaner. Viele von ihnen sind hier aufgewachsen und haben die Entwicklungen pers\u00f6nlich miterlebt und auch daran mitgewirkt. Lusan ist ein gr\u00fcner Stadtteil mit einer optimalen Infrastruktur: gutes und bezahlbares Wohnen, medizinische Versorgung, Kinderg\u00e4rten und Schulen, Freizeitangebote, Vereinsleben, Einkaufsm\u00f6glichkeiten und eine direkte Anbindung an den \u00f6ffentlichen Personennahverkehr.\u201c<\/p><\/blockquote>\n\n\n\n<p>Besonderen Dank richtete er in seiner Rede an die Kindervereinigung, die mit dem Stadtteilb\u00fcro seit vielen Jahren sehr engagiert wichtige Stadtteil-Arbeit leiste, aber auch an die vielen Vereine und Initiativen, die sich f\u00fcr Lusan stark machen.<\/p>\n\n\n\n<p>Das 50. Jubil\u00e4um begleitet die Menschen in Lusan durch das gesamte Jahr. Im Januar wurde es mit einem \u00f6kumenischen Gottesdienst er\u00f6ffnet. Zeitzeugengespr\u00e4che, Ausstellungen und weitere Veranstaltungen bieten dar\u00fcber hinaus vielseitige M\u00f6glichkeiten, die Entwicklung von Lusan als Dorf hin zum gr\u00f6\u00dften Stadtteil Geras kennenzulernen oder Erinnerungen aufzufrischen.<\/p>\n\n\n\n<p>QUELLE: STADTVERWALTUNG<\/p>\n","protected":false},"excerpt":{"rendered":"<div class=\"mh-excerpt\"><p>Geras gr\u00f6\u00dfter Stadtteil Lusan feierte am 2. Juli 2022 unter dem Motto\u00a0\u201eMit einem Fu\u00df im Paradies \u2013 in Lusan ist was los. Bunt, vielf\u00e4ltig, kreativ\u201c\u00a0seinen 50. Jahrestag mit einem gro\u00dfen Familienfest.\u00a0Verteilt \u00fcber den gesamten Stadtteil <a class=\"mh-excerpt-more\" href=\"https:\/\/www.studiogera.de\/001\/2022\/07\/04\/geras-groesster-stadtteil-feiert-jubilaeum\/\" title=\"GERAS GR\u00d6SSTER STADTTEIL FEIERT JUBIL\u00c4UM\">[&#8230;]<\/a><\/p>\n<\/div>","protected":false},"author":3,"featured_media":19675,"comment_status":"open","ping_status":"open","sticky":false,"template":"","format":"standard","meta":{"footnotes":""},"categories":[8],"tags":[],"class_list":{"0":"post-19673","1":"post","2":"type-post","3":"status-publish","4":"format-standard","5":"has-post-thumbnail","7":"category-kultur"},"_links":{"self":[{"href":"https:\/\/www.studiogera.de\/001\/wp-json\/wp\/v2\/posts\/19673","targetHints":{"allow":["GET"]}}],"collection":[{"href":"https:\/\/www.studiogera.de\/001\/wp-json\/wp\/v2\/posts"}],"about":[{"href":"https:\/\/www.studiogera.de\/001\/wp-json\/wp\/v2\/types\/post"}],"author":[{"embeddable":true,"href":"https:\/\/www.studiogera.de\/001\/wp-json\/wp\/v2\/users\/3"}],"replies":[{"embeddable":true,"href":"https:\/\/www.studiogera.de\/001\/wp-json\/wp\/v2\/comments?post=19673"}],"version-history":[{"count":2,"href":"https:\/\/www.studiogera.de\/001\/wp-json\/wp\/v2\/posts\/19673\/revisions"}],"predecessor-version":[{"id":19677,"href":"https:\/\/www.studiogera.de\/001\/wp-json\/wp\/v2\/posts\/19673\/revisions\/19677"}],"wp:featuredmedia":[{"embeddable":true,"href":"https:\/\/www.studiogera.de\/001\/wp-json\/wp\/v2\/media\/19675"}],"wp:attachment":[{"href":"https:\/\/www.studiogera.de\/001\/wp-json\/wp\/v2\/media?parent=19673"}],"wp:term":[{"taxonomy":"category","embeddable":true,"href":"https:\/\/www.studiogera.de\/001\/wp-json\/wp\/v2\/categories?post=19673"},{"taxonomy":"post_tag","embeddable":true,"href":"https:\/\/www.studiogera.de\/001\/wp-json\/wp\/v2\/tags?post=19673"}],"curies":[{"name":"wp","href":"https:\/\/api.w.org\/{rel}","templated":true}]}}