{"id":19679,"date":"2022-07-04T15:18:02","date_gmt":"2022-07-04T13:18:02","guid":{"rendered":"http:\/\/www.studiogera.de\/001\/?p=19679"},"modified":"2022-07-04T15:18:04","modified_gmt":"2022-07-04T13:18:04","slug":"einsatz-in-der-heinrichstrasse","status":"publish","type":"post","link":"https:\/\/www.studiogera.de\/001\/2022\/07\/04\/einsatz-in-der-heinrichstrasse\/","title":{"rendered":"EINSATZ IN DER HEINRICHSTRASSE"},"content":{"rendered":"\n<p>Am 4. Juli kamen Rettungsdienst, Polizei und in der Folge der Notarzt via Hubschrauber in der Heinrichstra\u00dfe zum Einsatz, da gegen 6.40 Uhr von dort ein Unfall zwischen einem Stra\u00dfenbahnfahrzeug und zwei Kindern gemeldet worden war. Vor Ort konnte schlie\u00dflich Entwarnung gegeben werden. Gl\u00fccklicherweise kam es nicht zur Kollision zwischen der Tram und den beiden acht bzw. zehn Jahre alten Jungen. Eines der Kinder wurde lediglich vorsorglich in ein Krankenhaus gebracht.\u00a0<\/p>\n","protected":false},"excerpt":{"rendered":"<div class=\"mh-excerpt\"><p>Am 4. Juli kamen Rettungsdienst, Polizei und in der Folge der Notarzt via Hubschrauber in der Heinrichstra\u00dfe zum Einsatz, da gegen 6.40 Uhr von dort ein Unfall zwischen einem Stra\u00dfenbahnfahrzeug und zwei Kindern gemeldet worden <a class=\"mh-excerpt-more\" href=\"https:\/\/www.studiogera.de\/001\/2022\/07\/04\/einsatz-in-der-heinrichstrasse\/\" title=\"EINSATZ IN DER HEINRICHSTRASSE\">[&#8230;]<\/a><\/p>\n<\/div>","protected":false},"author":3,"featured_media":9357,"comment_status":"open","ping_status":"open","sticky":false,"template":"","format":"standard","meta":{"footnotes":""},"categories":[13],"tags":[],"class_list":{"0":"post-19679","1":"post","2":"type-post","3":"status-publish","4":"format-standard","5":"has-post-thumbnail","7":"category-polizeiberichte"},"_links":{"self":[{"href":"https:\/\/www.studiogera.de\/001\/wp-json\/wp\/v2\/posts\/19679","targetHints":{"allow":["GET"]}}],"collection":[{"href":"https:\/\/www.studiogera.de\/001\/wp-json\/wp\/v2\/posts"}],"about":[{"href":"https:\/\/www.studiogera.de\/001\/wp-json\/wp\/v2\/types\/post"}],"author":[{"embeddable":true,"href":"https:\/\/www.studiogera.de\/001\/wp-json\/wp\/v2\/users\/3"}],"replies":[{"embeddable":true,"href":"https:\/\/www.studiogera.de\/001\/wp-json\/wp\/v2\/comments?post=19679"}],"version-history":[{"count":1,"href":"https:\/\/www.studiogera.de\/001\/wp-json\/wp\/v2\/posts\/19679\/revisions"}],"predecessor-version":[{"id":19680,"href":"https:\/\/www.studiogera.de\/001\/wp-json\/wp\/v2\/posts\/19679\/revisions\/19680"}],"wp:featuredmedia":[{"embeddable":true,"href":"https:\/\/www.studiogera.de\/001\/wp-json\/wp\/v2\/media\/9357"}],"wp:attachment":[{"href":"https:\/\/www.studiogera.de\/001\/wp-json\/wp\/v2\/media?parent=19679"}],"wp:term":[{"taxonomy":"category","embeddable":true,"href":"https:\/\/www.studiogera.de\/001\/wp-json\/wp\/v2\/categories?post=19679"},{"taxonomy":"post_tag","embeddable":true,"href":"https:\/\/www.studiogera.de\/001\/wp-json\/wp\/v2\/tags?post=19679"}],"curies":[{"name":"wp","href":"https:\/\/api.w.org\/{rel}","templated":true}]}}