{"id":19681,"date":"2022-07-04T15:23:23","date_gmt":"2022-07-04T13:23:23","guid":{"rendered":"http:\/\/www.studiogera.de\/001\/?p=19681"},"modified":"2022-07-04T15:23:25","modified_gmt":"2022-07-04T13:23:25","slug":"kpi-ermittelt-zu-handtaschenraub-am-puschkinplatz","status":"publish","type":"post","link":"https:\/\/www.studiogera.de\/001\/2022\/07\/04\/kpi-ermittelt-zu-handtaschenraub-am-puschkinplatz\/","title":{"rendered":"KPI ERMITTELT ZU HANDTASCHENRAUB AM PUSCHKINPLATZ"},"content":{"rendered":"\n<p>Eine 76-j\u00e4hrige Frau wurde am 3. Juli Opfer eines Raubdeliktes, sodass die KPI Gera zur Tat ermittelt und Zeugen sucht. Gegen 15.10 Uhr befand sich die Seniorin in der Schlo\u00dfstra\u00dfe beim Puschkinplatz, als ihr ein bislang unbekannter T\u00e4ter im Jugendalter von hinten die mitgef\u00fchrte Handtasche entriss und unvermittelt fl\u00fcchtete. Als er sich kurz darauf in Sicherheit w\u00e4hnte, begann er die Tasche auszur\u00e4umen. Ein Zeuge, welcher die Situation erkannte, folgte dem T\u00e4ter, stellten ihn und brachten ihn zum Tatort zur\u00fcck. Hier gab er schlie\u00dflich die Handtasche wieder zur\u00fcck. Pl\u00f6tzlich gelang es dem R\u00e4uber, sich dennoch loszurei\u00dfen und in Richtung Breitscheidstra\u00dfe zu fl\u00fcchten. Trotz sofortiger Fahndung konnte er nicht mehr gestellt werden. Die Seniorin, die bei dem Geschehen zu Fall kam und leicht verletz wurde, kam mit einem Rettungswagen in ein Krankenhaus. Die Geraer Polizei bedankt sich bei den Helfern f\u00fcr das Engagement und das beherzte Eingreifen. Zeugen, die Hinweise zu dem T\u00e4ter bzw. dessen Aufenthalt geben k\u00f6nnen, werden gebeten, sich unter der Rufnummer 0365 82341465 bei der KPI Gera zu melden. Der T\u00e4ter war m\u00e4nnlich, 13 bis 14 Jahre alt, 150 bis 160 Zentimeter gro\u00df, ein ausl\u00e4ndischer Ph\u00e4notyp mi5 dunklem Teint, hatte eine schlanke Figur, kurze schwarze Haare, und war bekleidet mit einem blauen T-Hemd und ein3r dunklen Sporthose.<\/p>\n","protected":false},"excerpt":{"rendered":"<div class=\"mh-excerpt\"><p>Eine 76-j\u00e4hrige Frau wurde am 3. Juli Opfer eines Raubdeliktes, sodass die KPI Gera zur Tat ermittelt und Zeugen sucht. Gegen 15.10 Uhr befand sich die Seniorin in der Schlo\u00dfstra\u00dfe beim Puschkinplatz, als ihr ein <a class=\"mh-excerpt-more\" href=\"https:\/\/www.studiogera.de\/001\/2022\/07\/04\/kpi-ermittelt-zu-handtaschenraub-am-puschkinplatz\/\" title=\"KPI ERMITTELT ZU HANDTASCHENRAUB AM PUSCHKINPLATZ\">[&#8230;]<\/a><\/p>\n<\/div>","protected":false},"author":3,"featured_media":9351,"comment_status":"open","ping_status":"open","sticky":false,"template":"","format":"standard","meta":{"footnotes":""},"categories":[13],"tags":[],"class_list":{"0":"post-19681","1":"post","2":"type-post","3":"status-publish","4":"format-standard","5":"has-post-thumbnail","7":"category-polizeiberichte"},"_links":{"self":[{"href":"https:\/\/www.studiogera.de\/001\/wp-json\/wp\/v2\/posts\/19681","targetHints":{"allow":["GET"]}}],"collection":[{"href":"https:\/\/www.studiogera.de\/001\/wp-json\/wp\/v2\/posts"}],"about":[{"href":"https:\/\/www.studiogera.de\/001\/wp-json\/wp\/v2\/types\/post"}],"author":[{"embeddable":true,"href":"https:\/\/www.studiogera.de\/001\/wp-json\/wp\/v2\/users\/3"}],"replies":[{"embeddable":true,"href":"https:\/\/www.studiogera.de\/001\/wp-json\/wp\/v2\/comments?post=19681"}],"version-history":[{"count":1,"href":"https:\/\/www.studiogera.de\/001\/wp-json\/wp\/v2\/posts\/19681\/revisions"}],"predecessor-version":[{"id":19682,"href":"https:\/\/www.studiogera.de\/001\/wp-json\/wp\/v2\/posts\/19681\/revisions\/19682"}],"wp:featuredmedia":[{"embeddable":true,"href":"https:\/\/www.studiogera.de\/001\/wp-json\/wp\/v2\/media\/9351"}],"wp:attachment":[{"href":"https:\/\/www.studiogera.de\/001\/wp-json\/wp\/v2\/media?parent=19681"}],"wp:term":[{"taxonomy":"category","embeddable":true,"href":"https:\/\/www.studiogera.de\/001\/wp-json\/wp\/v2\/categories?post=19681"},{"taxonomy":"post_tag","embeddable":true,"href":"https:\/\/www.studiogera.de\/001\/wp-json\/wp\/v2\/tags?post=19681"}],"curies":[{"name":"wp","href":"https:\/\/api.w.org\/{rel}","templated":true}]}}