{"id":19683,"date":"2022-07-04T15:25:36","date_gmt":"2022-07-04T13:25:36","guid":{"rendered":"http:\/\/www.studiogera.de\/001\/?p=19683"},"modified":"2022-07-04T15:25:37","modified_gmt":"2022-07-04T13:25:37","slug":"mehrere-brennende-muellcontainer","status":"publish","type":"post","link":"https:\/\/www.studiogera.de\/001\/2022\/07\/04\/mehrere-brennende-muellcontainer\/","title":{"rendered":"MEHRERE BRENNENDE M\u00dcLLCONTAINER"},"content":{"rendered":"\n<p>Feuerwehr und Polizei r\u00fcckten am 3. Juli gegen 0.35 Uhr nach Bieblach-Ost in die Hilde-Coppi-Stra\u00dfe aus und leiteten in der Folge die Ermittlungen zu einem Branddelikt ein. Denn aus bislang ungekl\u00e4rter Ursache brannte dort eine M\u00fclltonne. Die Flammen griffen schlie\u00dflich auf eine weitere M\u00fclltonne \u00fcber, sodass beide Tonnen zerst\u00f6rt bzw. stark besch\u00e4digt wurden. Ein \u00dcbergreifen des Feuers auf die angrenzende Wiesenfl\u00e4che konnte durch die L\u00f6scharbeiten verhindert werden. Die Geraer Polizei ermittelt zum Geschehen und sucht Zeugen, die Hinweise zur Brandentstehung geben k\u00f6nnen.<\/p>\n","protected":false},"excerpt":{"rendered":"<div class=\"mh-excerpt\"><p>Feuerwehr und Polizei r\u00fcckten am 3. Juli gegen 0.35 Uhr nach Bieblach-Ost in die Hilde-Coppi-Stra\u00dfe aus und leiteten in der Folge die Ermittlungen zu einem Branddelikt ein. Denn aus bislang ungekl\u00e4rter Ursache brannte dort eine <a class=\"mh-excerpt-more\" href=\"https:\/\/www.studiogera.de\/001\/2022\/07\/04\/mehrere-brennende-muellcontainer\/\" title=\"MEHRERE BRENNENDE M\u00dcLLCONTAINER\">[&#8230;]<\/a><\/p>\n<\/div>","protected":false},"author":3,"featured_media":16118,"comment_status":"open","ping_status":"open","sticky":false,"template":"","format":"standard","meta":{"footnotes":""},"categories":[13],"tags":[],"class_list":{"0":"post-19683","1":"post","2":"type-post","3":"status-publish","4":"format-standard","5":"has-post-thumbnail","7":"category-polizeiberichte"},"_links":{"self":[{"href":"https:\/\/www.studiogera.de\/001\/wp-json\/wp\/v2\/posts\/19683","targetHints":{"allow":["GET"]}}],"collection":[{"href":"https:\/\/www.studiogera.de\/001\/wp-json\/wp\/v2\/posts"}],"about":[{"href":"https:\/\/www.studiogera.de\/001\/wp-json\/wp\/v2\/types\/post"}],"author":[{"embeddable":true,"href":"https:\/\/www.studiogera.de\/001\/wp-json\/wp\/v2\/users\/3"}],"replies":[{"embeddable":true,"href":"https:\/\/www.studiogera.de\/001\/wp-json\/wp\/v2\/comments?post=19683"}],"version-history":[{"count":1,"href":"https:\/\/www.studiogera.de\/001\/wp-json\/wp\/v2\/posts\/19683\/revisions"}],"predecessor-version":[{"id":19684,"href":"https:\/\/www.studiogera.de\/001\/wp-json\/wp\/v2\/posts\/19683\/revisions\/19684"}],"wp:featuredmedia":[{"embeddable":true,"href":"https:\/\/www.studiogera.de\/001\/wp-json\/wp\/v2\/media\/16118"}],"wp:attachment":[{"href":"https:\/\/www.studiogera.de\/001\/wp-json\/wp\/v2\/media?parent=19683"}],"wp:term":[{"taxonomy":"category","embeddable":true,"href":"https:\/\/www.studiogera.de\/001\/wp-json\/wp\/v2\/categories?post=19683"},{"taxonomy":"post_tag","embeddable":true,"href":"https:\/\/www.studiogera.de\/001\/wp-json\/wp\/v2\/tags?post=19683"}],"curies":[{"name":"wp","href":"https:\/\/api.w.org\/{rel}","templated":true}]}}