{"id":19685,"date":"2022-07-04T15:28:40","date_gmt":"2022-07-04T13:28:40","guid":{"rendered":"http:\/\/www.studiogera.de\/001\/?p=19685"},"modified":"2022-07-04T15:28:42","modified_gmt":"2022-07-04T13:28:42","slug":"besuch-einer-badeanstalt-endet-mit-polizeieinsatz","status":"publish","type":"post","link":"https:\/\/www.studiogera.de\/001\/2022\/07\/04\/besuch-einer-badeanstalt-endet-mit-polizeieinsatz\/","title":{"rendered":"BESUCH EINER BADEANSTALT ENDET MIT POLIZEIEINSATZ"},"content":{"rendered":"\n<p>Ein 24-j\u00e4hriger Mann muss sich seit dem 3. Juli f\u00fcr sein Verhalten strafrechtlich verantworten. Gegen 14.50 Uhr befand sich dieser in einem Schwimmbad an den Hofwiesen. Da er scheinbar nicht schwimmen konnte, wurde er aufgefordert, das Becken zu verlassen. Dieser Aufforderung kam er allerdings nicht nach. Stattdessen griff er einen Verantwortlichen sowohl verbal als auch k\u00f6rperlich an und verletzte diesen leicht. Der 24-J\u00e4hrige erhielt von den eintreffenden Beamten einen Platzverweis und muss nun mit einer Anzeige wegen K\u00f6rperverletzung rechnen.\u00a0<\/p>\n","protected":false},"excerpt":{"rendered":"<div class=\"mh-excerpt\"><p>Ein 24-j\u00e4hriger Mann muss sich seit dem 3. Juli f\u00fcr sein Verhalten strafrechtlich verantworten. Gegen 14.50 Uhr befand sich dieser in einem Schwimmbad an den Hofwiesen. Da er scheinbar nicht schwimmen konnte, wurde er aufgefordert, <a class=\"mh-excerpt-more\" href=\"https:\/\/www.studiogera.de\/001\/2022\/07\/04\/besuch-einer-badeanstalt-endet-mit-polizeieinsatz\/\" title=\"BESUCH EINER BADEANSTALT ENDET MIT POLIZEIEINSATZ\">[&#8230;]<\/a><\/p>\n<\/div>","protected":false},"author":3,"featured_media":9352,"comment_status":"open","ping_status":"open","sticky":false,"template":"","format":"standard","meta":{"footnotes":""},"categories":[13],"tags":[],"class_list":{"0":"post-19685","1":"post","2":"type-post","3":"status-publish","4":"format-standard","5":"has-post-thumbnail","7":"category-polizeiberichte"},"_links":{"self":[{"href":"https:\/\/www.studiogera.de\/001\/wp-json\/wp\/v2\/posts\/19685","targetHints":{"allow":["GET"]}}],"collection":[{"href":"https:\/\/www.studiogera.de\/001\/wp-json\/wp\/v2\/posts"}],"about":[{"href":"https:\/\/www.studiogera.de\/001\/wp-json\/wp\/v2\/types\/post"}],"author":[{"embeddable":true,"href":"https:\/\/www.studiogera.de\/001\/wp-json\/wp\/v2\/users\/3"}],"replies":[{"embeddable":true,"href":"https:\/\/www.studiogera.de\/001\/wp-json\/wp\/v2\/comments?post=19685"}],"version-history":[{"count":1,"href":"https:\/\/www.studiogera.de\/001\/wp-json\/wp\/v2\/posts\/19685\/revisions"}],"predecessor-version":[{"id":19686,"href":"https:\/\/www.studiogera.de\/001\/wp-json\/wp\/v2\/posts\/19685\/revisions\/19686"}],"wp:featuredmedia":[{"embeddable":true,"href":"https:\/\/www.studiogera.de\/001\/wp-json\/wp\/v2\/media\/9352"}],"wp:attachment":[{"href":"https:\/\/www.studiogera.de\/001\/wp-json\/wp\/v2\/media?parent=19685"}],"wp:term":[{"taxonomy":"category","embeddable":true,"href":"https:\/\/www.studiogera.de\/001\/wp-json\/wp\/v2\/categories?post=19685"},{"taxonomy":"post_tag","embeddable":true,"href":"https:\/\/www.studiogera.de\/001\/wp-json\/wp\/v2\/tags?post=19685"}],"curies":[{"name":"wp","href":"https:\/\/api.w.org\/{rel}","templated":true}]}}