{"id":19753,"date":"2022-07-11T11:57:30","date_gmt":"2022-07-11T09:57:30","guid":{"rendered":"http:\/\/www.studiogera.de\/001\/?p=19753"},"modified":"2022-07-11T11:57:32","modified_gmt":"2022-07-11T09:57:32","slug":"versuchte-sachbeschaedigung-an-haltestelle-in-lusan","status":"publish","type":"post","link":"https:\/\/www.studiogera.de\/001\/2022\/07\/11\/versuchte-sachbeschaedigung-an-haltestelle-in-lusan\/","title":{"rendered":"VERSUCHTE SACHBESCH\u00c4DIGUNG AN HALTESTELLE IN LUSAN"},"content":{"rendered":"\n<p>Gegen zwei junge M\u00e4nner aus Gera, 18 bz. 25 Jahre alt, wird seit Sonntag, den 10. Juli, wegen versuchter Sachbesch\u00e4digung ermittelt. Nachdem die Tatverd\u00e4chtigen gegen 7.50 Uhr von einem Zeugen dabei beobachtet worden waren, wie sie an der Stra\u00dfenbahnhaltestelle Lusan-Laune einen M\u00fclleimer aus dessen Verankerung rissen, wurde die Polizei alarmiert. Aufgrund des sofortigen Einsatzes konnten die beiden M\u00e4nner noch im Umfeld des Tatortes gestellt werden. Die Tatverd\u00e4chtigen erhielten nach Abschluss aller Ma\u00dfnahmen einen Platzverweis. Nach ersten Erkenntnissen entstand am genannten M\u00fclleimer kein Schaden.<\/p>\n","protected":false},"excerpt":{"rendered":"<div class=\"mh-excerpt\"><p>Gegen zwei junge M\u00e4nner aus Gera, 18 bz. 25 Jahre alt, wird seit Sonntag, den 10. Juli, wegen versuchter Sachbesch\u00e4digung ermittelt. Nachdem die Tatverd\u00e4chtigen gegen 7.50 Uhr von einem Zeugen dabei beobachtet worden waren, wie <a class=\"mh-excerpt-more\" href=\"https:\/\/www.studiogera.de\/001\/2022\/07\/11\/versuchte-sachbeschaedigung-an-haltestelle-in-lusan\/\" title=\"VERSUCHTE SACHBESCH\u00c4DIGUNG AN HALTESTELLE IN LUSAN\">[&#8230;]<\/a><\/p>\n<\/div>","protected":false},"author":3,"featured_media":9356,"comment_status":"open","ping_status":"open","sticky":false,"template":"","format":"standard","meta":{"footnotes":""},"categories":[13],"tags":[],"class_list":{"0":"post-19753","1":"post","2":"type-post","3":"status-publish","4":"format-standard","5":"has-post-thumbnail","7":"category-polizeiberichte"},"_links":{"self":[{"href":"https:\/\/www.studiogera.de\/001\/wp-json\/wp\/v2\/posts\/19753","targetHints":{"allow":["GET"]}}],"collection":[{"href":"https:\/\/www.studiogera.de\/001\/wp-json\/wp\/v2\/posts"}],"about":[{"href":"https:\/\/www.studiogera.de\/001\/wp-json\/wp\/v2\/types\/post"}],"author":[{"embeddable":true,"href":"https:\/\/www.studiogera.de\/001\/wp-json\/wp\/v2\/users\/3"}],"replies":[{"embeddable":true,"href":"https:\/\/www.studiogera.de\/001\/wp-json\/wp\/v2\/comments?post=19753"}],"version-history":[{"count":1,"href":"https:\/\/www.studiogera.de\/001\/wp-json\/wp\/v2\/posts\/19753\/revisions"}],"predecessor-version":[{"id":19754,"href":"https:\/\/www.studiogera.de\/001\/wp-json\/wp\/v2\/posts\/19753\/revisions\/19754"}],"wp:featuredmedia":[{"embeddable":true,"href":"https:\/\/www.studiogera.de\/001\/wp-json\/wp\/v2\/media\/9356"}],"wp:attachment":[{"href":"https:\/\/www.studiogera.de\/001\/wp-json\/wp\/v2\/media?parent=19753"}],"wp:term":[{"taxonomy":"category","embeddable":true,"href":"https:\/\/www.studiogera.de\/001\/wp-json\/wp\/v2\/categories?post=19753"},{"taxonomy":"post_tag","embeddable":true,"href":"https:\/\/www.studiogera.de\/001\/wp-json\/wp\/v2\/tags?post=19753"}],"curies":[{"name":"wp","href":"https:\/\/api.w.org\/{rel}","templated":true}]}}