{"id":19755,"date":"2022-07-11T14:07:35","date_gmt":"2022-07-11T12:07:35","guid":{"rendered":"http:\/\/www.studiogera.de\/001\/?p=19755"},"modified":"2022-07-11T14:07:37","modified_gmt":"2022-07-11T12:07:37","slug":"der-blick-auf-die-28-kalenderwoche","status":"publish","type":"post","link":"https:\/\/www.studiogera.de\/001\/2022\/07\/11\/der-blick-auf-die-28-kalenderwoche\/","title":{"rendered":"DER BLICK AUF DIE 28. KALENDERWOCHE"},"content":{"rendered":"\n<p>F\u00fcr Montag ist eine Demonstration gegen verpflichtende Impfungen im Zusammenhang mit SARS-CoV-2 angek\u00fcndigt. Diese beginnt um 19 Uhr auf dem Hofwiesenparkplatz.<\/p>\n\n\n\n<p>Am Dienstag wird um 9.30 Uhr auf dem Marktplatz die Freizeitsportveranstaltung &#8222;Gera Beach&#8220; er\u00f6ffnet. Am Nachmittag ist ein Smartcity-Stadtrundgang geplant, und eine Probe des Kiewer Sinfonieorchesters.<\/p>\n\n\n\n<p>Am Mittwoch wird die neue Comma-Fassade den Nachrichten-Anbietern vorgestellt. Um 17.30 Uhr beginnt im Kultur- und Kongresszentrum die Stadtratssitzung mit Einwohnerfragestunde.<\/p>\n\n\n\n<p>Am Donnerstag wird den Nachrichten-Anbietern das Schlangenmosaik in der Ostschule vorgestellt. In der Enzianschule findet die Sch\u00fclerehrung 2022 statt.<\/p>\n\n\n\n<p>Am Freitag erhalten die Absolventen der Staatlichen Berufsschule Gesundheit, Soziales und Sozialp\u00e4dagogik ihre Zeignisse auf der M\u00f6bel-Rieger-B\u00fchne. Um 14.30 Uhr beginnt im Stadion der Freundschaft der Baby-Empfang mit Oberb\u00fcrgermeister Julian Vonarb.<\/p>\n\n\n\n<p>Auf dem Osterstein, Am Schlossberg 14, findet am Samstag ab 18 Uhr eine Tanzveranstaltung statt. Der Eintritt ist frei. Es ist ein Mindestalter von 20 Jahren erforderlich. Ab 22 Uhr \u00f6ffnet der Club Seven im Hauptbahnhof. Die Teilnehmer der Veranstaltung m\u00fcssen mindestens 20 Jahre alt sein.<\/p>\n","protected":false},"excerpt":{"rendered":"<div class=\"mh-excerpt\"><p>F\u00fcr Montag ist eine Demonstration gegen verpflichtende Impfungen im Zusammenhang mit SARS-CoV-2 angek\u00fcndigt. Diese beginnt um 19 Uhr auf dem Hofwiesenparkplatz. Am Dienstag wird um 9.30 Uhr auf dem Marktplatz die Freizeitsportveranstaltung &#8222;Gera Beach&#8220; er\u00f6ffnet. <a class=\"mh-excerpt-more\" href=\"https:\/\/www.studiogera.de\/001\/2022\/07\/11\/der-blick-auf-die-28-kalenderwoche\/\" title=\"DER BLICK AUF DIE 28. KALENDERWOCHE\">[&#8230;]<\/a><\/p>\n<\/div>","protected":false},"author":3,"featured_media":1630,"comment_status":"open","ping_status":"open","sticky":false,"template":"","format":"standard","meta":{"footnotes":""},"categories":[16],"tags":[],"class_list":{"0":"post-19755","1":"post","2":"type-post","3":"status-publish","4":"format-standard","5":"has-post-thumbnail","7":"category-kurzmitteilungen"},"_links":{"self":[{"href":"https:\/\/www.studiogera.de\/001\/wp-json\/wp\/v2\/posts\/19755","targetHints":{"allow":["GET"]}}],"collection":[{"href":"https:\/\/www.studiogera.de\/001\/wp-json\/wp\/v2\/posts"}],"about":[{"href":"https:\/\/www.studiogera.de\/001\/wp-json\/wp\/v2\/types\/post"}],"author":[{"embeddable":true,"href":"https:\/\/www.studiogera.de\/001\/wp-json\/wp\/v2\/users\/3"}],"replies":[{"embeddable":true,"href":"https:\/\/www.studiogera.de\/001\/wp-json\/wp\/v2\/comments?post=19755"}],"version-history":[{"count":1,"href":"https:\/\/www.studiogera.de\/001\/wp-json\/wp\/v2\/posts\/19755\/revisions"}],"predecessor-version":[{"id":19756,"href":"https:\/\/www.studiogera.de\/001\/wp-json\/wp\/v2\/posts\/19755\/revisions\/19756"}],"wp:featuredmedia":[{"embeddable":true,"href":"https:\/\/www.studiogera.de\/001\/wp-json\/wp\/v2\/media\/1630"}],"wp:attachment":[{"href":"https:\/\/www.studiogera.de\/001\/wp-json\/wp\/v2\/media?parent=19755"}],"wp:term":[{"taxonomy":"category","embeddable":true,"href":"https:\/\/www.studiogera.de\/001\/wp-json\/wp\/v2\/categories?post=19755"},{"taxonomy":"post_tag","embeddable":true,"href":"https:\/\/www.studiogera.de\/001\/wp-json\/wp\/v2\/tags?post=19755"}],"curies":[{"name":"wp","href":"https:\/\/api.w.org\/{rel}","templated":true}]}}