{"id":19757,"date":"2022-07-11T19:25:37","date_gmt":"2022-07-11T17:25:37","guid":{"rendered":"http:\/\/www.studiogera.de\/001\/?p=19757"},"modified":"2022-07-11T19:25:39","modified_gmt":"2022-07-11T17:25:39","slug":"jugendclub-cm-feiert-35-jaehriges-bestehen","status":"publish","type":"post","link":"https:\/\/www.studiogera.de\/001\/2022\/07\/11\/jugendclub-cm-feiert-35-jaehriges-bestehen\/","title":{"rendered":"JUGENDCLUB CM FEIERT 35-J\u00c4HRIGES BESTEHEN"},"content":{"rendered":"\n<p>Mit einem Sommerfest beging der st\u00e4dtische Jugendclub CM f\u00fcr seine Nutzer am Freitag, den 8. Julim2022, sein 35-j\u00e4hriges Jubil\u00e4um und blickte zur\u00fcck auf viele bewegende Momente und Erinnerungen. Denn der Jugendclub in Bieblach-Ost bot und bietet regelm\u00e4\u00dfige Angebote, angefangen von vielf\u00e4ltigen Sportkursen \u00fcber M\u00f6glichkeiten, sich kreativ in der Medienlounge, am Basteltisch oder im Garten zu bet\u00e4tigen bis hin zu Ferienfreizeiten oder speziellen Themen wie Grafitti-Mitmachkurse oder ein Zirkusprojekte. Etwa 80 Stammnutzer, die aus 14 verschiedenen Nationen kommen und im Alter zwischen zehn und 27 Jahren sind, nutzen regelm\u00e4\u00dfig die Angebote vom CM. Finanziert wird der Club \u00fcber den st\u00e4dtischen Haushalt und durch F\u00f6rdermittel. Seit 2018 wurden etwa 30&#8217;000 Euro F\u00f6rdermittel eingeworben und in die Ausstattung investiert.<\/p>\n\n\n\n<p>\u201eJunge Menschen ben\u00f6tigen R\u00e4ume f\u00fcr das Zusammentreffen mit Gleichaltrigen. Diesen bieten wir mit dem Jugendclub CM allen Geraer Jugendlichen. Es geht prim\u00e4r darum, sinnvolle Freizeitaktivit\u00e4ten anzubieten und den Kindern und jungen Erwachsenen M\u00f6glichkeiten zu geben, ihren Interessen nachzugehen und sie zu f\u00f6rdern\u201c, so Sozialdezernentin Sandra Wanzar und bedankt sich:<\/p>\n\n\n\n<blockquote class=\"wp-block-quote is-layout-flow wp-block-quote-is-layout-flow\"><p>\u201eUnsere drei Sozialarbeiterinnen und \u00fcber 20 ehrenamtlichen Helferinnen und Helfern begegnen ihnen als wertgesch\u00e4tzten Teil der Stadt auf Augenh\u00f6he und haben oftmals auch einfach nur ein offenes Ohr. Dank ihnen f\u00fchlen sich die jungen Leute wohl und aufgehoben.\u201c<\/p><\/blockquote>\n\n\n\n<p>Besondere Herausforderung sei es bei der p\u00e4dagogischen Arbeit dar\u00fcber hinaus oftmals, die sozialen Unterschiede und gesellschaftlichen Ver\u00e4nderungen im Stadtteil aufzufangen, so Sylvia Buchert, Leiterin des Jugendclubs:<\/p>\n\n\n\n<blockquote class=\"wp-block-quote is-layout-flow wp-block-quote-is-layout-flow\"><p>\u201eSprachbarrieren und kulturelle Unterschiede zu \u00fcberwinden geh\u00f6rt f\u00fcr uns mittlerweile zum Alltag dazu und wir sehen, wie Interkulturalit\u00e4t bei uns im gesch\u00fctzten Raum funktioniert und Normalit\u00e4t ist. Denn im Prinzip wollen all\u2018 unsere Jugendlichen das Gleiche: einen Treffpunkt haben, sich \u00fcber die Herausforderungen beim Erwachsenwerden austauschen und einfach unter sich sein.\u201c<\/p><\/blockquote>\n\n\n\n<p>Die Jugendeinrichtung wurde 1987 in Bieblach-Ost in R\u00e4umen der damaligen 32. POS in der Heinz-Schiffel-Stra\u00dfe gegr\u00fcndet. Der Name \u201eCM\u201c wurde in Anlehnung der beiden Jugendlichen Cora und Michael gew\u00e4hlt, die den Club zun\u00e4chst selbst verwalteten. Nach der Wende \u00fcbernahm die Stadt Gera die Tr\u00e4gerschaft und bot Kindern und Jugendlichen an den Nachmittagen verschiedene Freizeitangebote sowie Disko am Samstag. Nach einer Zwischenunterkunft zwischen 2002 und 2004 in einem 100 Quadratmeter gro\u00dfen Mietcontainer zog der Jugendclub in seine heutigen R\u00e4ume in die Fritz-Gie\u00dfner-Stra\u00dfe 14. \u00dcber die Jahre hinweg breitete sich der Club innerhalb des Geb\u00e4udes r\u00e4umlich immer weiter aus und wurde zu einer Freizeitvilla. Heute stehen den Jugendlichen f\u00fcr ihre Freizeitgestaltung 800 Quadratmeter mit R\u00e4umen zur unterschiedlichen Nutzung wie einem Party-Raum, einer Medienlounge, einem Kreativraum oder einem Kraftsportkeller sowie ein sich anschlie\u00dfendes gro\u00dfes Gartengel\u00e4nde zur Verf\u00fcgung. 2008 haben die Tr\u00e4ger der verschiedenen Einrichtungen in der Fritz-Gie\u00dfner-Stra\u00dfe 14, der Kindergarten \u201eBummi\u201c, das Familienzentrum vom Schlupfwinkel, der Deutsche Kinderschutzbund und der Jugendclub CM einen Kooperationsvertrag f\u00fcr ein Mehrgenerationenhaus geschlossen. Heute steht CM f\u00fcr \u201eCooles Miteinander\u201c.<\/p>\n\n\n\n<p>QUELLE: STADTVERWALTUNG<\/p>\n","protected":false},"excerpt":{"rendered":"<div class=\"mh-excerpt\"><p>Mit einem Sommerfest beging der st\u00e4dtische Jugendclub CM f\u00fcr seine Nutzer am Freitag, den 8. Julim2022, sein 35-j\u00e4hriges Jubil\u00e4um und blickte zur\u00fcck auf viele bewegende Momente und Erinnerungen. Denn der Jugendclub in Bieblach-Ost bot und <a class=\"mh-excerpt-more\" href=\"https:\/\/www.studiogera.de\/001\/2022\/07\/11\/jugendclub-cm-feiert-35-jaehriges-bestehen\/\" title=\"JUGENDCLUB CM FEIERT 35-J\u00c4HRIGES BESTEHEN\">[&#8230;]<\/a><\/p>\n<\/div>","protected":false},"author":3,"featured_media":19758,"comment_status":"open","ping_status":"open","sticky":false,"template":"","format":"standard","meta":{"footnotes":""},"categories":[8],"tags":[],"class_list":{"0":"post-19757","1":"post","2":"type-post","3":"status-publish","4":"format-standard","5":"has-post-thumbnail","7":"category-kultur"},"_links":{"self":[{"href":"https:\/\/www.studiogera.de\/001\/wp-json\/wp\/v2\/posts\/19757","targetHints":{"allow":["GET"]}}],"collection":[{"href":"https:\/\/www.studiogera.de\/001\/wp-json\/wp\/v2\/posts"}],"about":[{"href":"https:\/\/www.studiogera.de\/001\/wp-json\/wp\/v2\/types\/post"}],"author":[{"embeddable":true,"href":"https:\/\/www.studiogera.de\/001\/wp-json\/wp\/v2\/users\/3"}],"replies":[{"embeddable":true,"href":"https:\/\/www.studiogera.de\/001\/wp-json\/wp\/v2\/comments?post=19757"}],"version-history":[{"count":1,"href":"https:\/\/www.studiogera.de\/001\/wp-json\/wp\/v2\/posts\/19757\/revisions"}],"predecessor-version":[{"id":19759,"href":"https:\/\/www.studiogera.de\/001\/wp-json\/wp\/v2\/posts\/19757\/revisions\/19759"}],"wp:featuredmedia":[{"embeddable":true,"href":"https:\/\/www.studiogera.de\/001\/wp-json\/wp\/v2\/media\/19758"}],"wp:attachment":[{"href":"https:\/\/www.studiogera.de\/001\/wp-json\/wp\/v2\/media?parent=19757"}],"wp:term":[{"taxonomy":"category","embeddable":true,"href":"https:\/\/www.studiogera.de\/001\/wp-json\/wp\/v2\/categories?post=19757"},{"taxonomy":"post_tag","embeddable":true,"href":"https:\/\/www.studiogera.de\/001\/wp-json\/wp\/v2\/tags?post=19757"}],"curies":[{"name":"wp","href":"https:\/\/api.w.org\/{rel}","templated":true}]}}