{"id":19760,"date":"2022-07-11T19:35:52","date_gmt":"2022-07-11T17:35:52","guid":{"rendered":"http:\/\/www.studiogera.de\/001\/?p=19760"},"modified":"2022-07-11T19:35:54","modified_gmt":"2022-07-11T17:35:54","slug":"stadtteilbuero-bieblach-unter-neuer-traegerschaft-eroeffnet","status":"publish","type":"post","link":"https:\/\/www.studiogera.de\/001\/2022\/07\/11\/stadtteilbuero-bieblach-unter-neuer-traegerschaft-eroeffnet\/","title":{"rendered":"STADTTEILB\u00dcRO BIEBLACH UNTER NEUER TR\u00c4GERSCHAFT ER\u00d6FFNET"},"content":{"rendered":"\n<p>Die Menschen in Bieblach haben ab sofort wieder eine feste Anlaufstelle f\u00fcr alle Fragen rund um das Leben in ihrem Stadtteil. In der vergangenen Woche wurde das Stadtteilb\u00fcro in der Leuchtenburgstra\u00dfe 10 feierlich er\u00f6ffnet. Geleitet wird das B\u00fcro seit Mai 2022 von Sozialp\u00e4dagogin Janet Klinger:<\/p>\n\n\n\n<blockquote class=\"wp-block-quote is-layout-flow wp-block-quote-is-layout-flow\"><p>\u201eMit der Stelle als Stadtteilmanagerin in Gera-Bieblach habe ich genau das gefunden, was ich mir als zuk\u00fcnftige berufliche Aufgabe gew\u00fcnscht habe.Im Rahmen der vielf\u00e4ltigen Projekte, die hier in Bieblach stattfinden, setze ich die bisherige Arbeit fort, um die Lebensqualit\u00e4t und Attraktivit\u00e4t des Stadtteils weiter zu verbessern und Menschen zusammen zu bringen.\u201c<\/p><\/blockquote>\n\n\n\n<p>Das Stadtteilb\u00fcro in Bieblach-Ost stellt in erster Linie einen direkten Kontakt zu den Menschen vor Ort her und ist offen f\u00fcr jegliche Anliegen angefangen von Fragen nach bestimmten Ansprechpartnern, Informationen zu ortsans\u00e4ssigen Vereinen oder medizinischer Versorgung \u00fcber Vorschl\u00e4ge und Anregungen f\u00fcr den Stadtteil bis hin zu den Problemen oder Sorgen der B\u00fcrgerinnen und B\u00fcrger. Es werden dar\u00fcber hinaus Informationen \u00fcber st\u00e4dtebauliche Planungen vermittelt. Die Anlaufstelle koordiniert zudem Beratungen der B\u00fcrger- und Stadtteilgremien und unterst\u00fctzt soziale Projekte. Zur F\u00f6rderung der Netzwerkarbeit sind aus diesem Grund neben der Stadtteilmanagerin auch weitere soziale Projekte wie der \u201eInfopoint Bieblach-Ost\u201c die Stadtteilm\u00fctter, die Th\u00fcringer Initiative f\u00fcr Integration, Nachhaltigkeit, Kooperation und Aktivierung (ThINKA) oder das Stadtteilaktivteam zu finden.<\/p>\n\n\n\n<p>\u201eGemeinsam mit vielen engagierten Netzwerkpartnern werden die Menschen vor Ort beraten und schnelle Hilfe geboten. Die Otegau leistet mit der \u00dcbernahme der Tr\u00e4gerschaft erneut einen wichtigen gesellschaftsrelevanten Beitrag f\u00fcr die Stadt Gera. Einen so verl\u00e4sslichen Partner an seiner Seite zu wissen, ist ein enormer Gewinn f\u00fcr die Menschen in Bieblach,\u201c so Sozialdezernentin Sandra Wanzar.<\/p>\n\n\n\n<p>Das Stadteilb\u00fcro Bieblach wurde im Zuge des St\u00e4dtebauf\u00f6rderungsprogramms Soziale Stadt eingerichtet. Seit dem Jahr 2001 fungierte die GWB \u201eElstertal\u201c Geraer Wohnungsbaugesellschaft mbH als Tr\u00e4ger des Stadtteilmanagements mit dem Stadtteilb\u00fcro Bieblach. Seit Mitte 2022 setzte die Otegau die bisherige b\u00fcrgernahe Arbeit fort. Bekannte Veranstaltungsformate werden beibehalten. Die Teilnahme an bekannten Veranstaltungen, wie die Internationale Woche gegen Rassismus, die Interkulturelle Woche, die Woche der Generationen und die Woche der seelischen und psychischen Gesundheit werden auch in Zukunft durch eine Beteiligung des Stadtteilb\u00fcros wahrgenommen. Zudem k\u00f6nnen verschiedene Aktionen wie der Aktionsfond, der j\u00e4hrliche Fr\u00fchjahrsputz im April, das Kinderfest am 1. Juni in Kooperation mit den Bieblacher Kindertagesst\u00e4tten Bummi, Mosaik und dem Jugendclub CM, der\u00a0 Mal- und Zeichenwettbewerb als gemeinsame Aktion mit der SBBS Gesundheit, Soziales und Sozialp\u00e4dagogik sowie der Stra\u00dfenmalaktion, initiiert durch die GWB Elstertal, unterst\u00fctzt werden.<\/p>\n\n\n\n<p>Das Stadtteilb\u00fcro Gera-Bieblach ist unter\u00a0&#8222;<a href=\"mailto:stadtteilbuero.bieblach@otegau.de\">stadtteilbuero.bieblach@otegau.de<\/a>&#8220; und den Rufnummern 0365 5517804 oder 0163 7374015 zu erreichen.<\/p>\n\n\n\n<p>QUELLE: STADTVERWALTUNG<\/p>\n","protected":false},"excerpt":{"rendered":"<div class=\"mh-excerpt\"><p>Die Menschen in Bieblach haben ab sofort wieder eine feste Anlaufstelle f\u00fcr alle Fragen rund um das Leben in ihrem Stadtteil. In der vergangenen Woche wurde das Stadtteilb\u00fcro in der Leuchtenburgstra\u00dfe 10 feierlich er\u00f6ffnet. Geleitet <a class=\"mh-excerpt-more\" href=\"https:\/\/www.studiogera.de\/001\/2022\/07\/11\/stadtteilbuero-bieblach-unter-neuer-traegerschaft-eroeffnet\/\" title=\"STADTTEILB\u00dcRO BIEBLACH UNTER NEUER TR\u00c4GERSCHAFT ER\u00d6FFNET\">[&#8230;]<\/a><\/p>\n<\/div>","protected":false},"author":3,"featured_media":19761,"comment_status":"open","ping_status":"open","sticky":false,"template":"","format":"standard","meta":{"footnotes":""},"categories":[3],"tags":[],"class_list":{"0":"post-19760","1":"post","2":"type-post","3":"status-publish","4":"format-standard","5":"has-post-thumbnail","7":"category-lokal"},"_links":{"self":[{"href":"https:\/\/www.studiogera.de\/001\/wp-json\/wp\/v2\/posts\/19760","targetHints":{"allow":["GET"]}}],"collection":[{"href":"https:\/\/www.studiogera.de\/001\/wp-json\/wp\/v2\/posts"}],"about":[{"href":"https:\/\/www.studiogera.de\/001\/wp-json\/wp\/v2\/types\/post"}],"author":[{"embeddable":true,"href":"https:\/\/www.studiogera.de\/001\/wp-json\/wp\/v2\/users\/3"}],"replies":[{"embeddable":true,"href":"https:\/\/www.studiogera.de\/001\/wp-json\/wp\/v2\/comments?post=19760"}],"version-history":[{"count":1,"href":"https:\/\/www.studiogera.de\/001\/wp-json\/wp\/v2\/posts\/19760\/revisions"}],"predecessor-version":[{"id":19762,"href":"https:\/\/www.studiogera.de\/001\/wp-json\/wp\/v2\/posts\/19760\/revisions\/19762"}],"wp:featuredmedia":[{"embeddable":true,"href":"https:\/\/www.studiogera.de\/001\/wp-json\/wp\/v2\/media\/19761"}],"wp:attachment":[{"href":"https:\/\/www.studiogera.de\/001\/wp-json\/wp\/v2\/media?parent=19760"}],"wp:term":[{"taxonomy":"category","embeddable":true,"href":"https:\/\/www.studiogera.de\/001\/wp-json\/wp\/v2\/categories?post=19760"},{"taxonomy":"post_tag","embeddable":true,"href":"https:\/\/www.studiogera.de\/001\/wp-json\/wp\/v2\/tags?post=19760"}],"curies":[{"name":"wp","href":"https:\/\/api.w.org\/{rel}","templated":true}]}}