{"id":19772,"date":"2022-07-12T10:43:35","date_gmt":"2022-07-12T08:43:35","guid":{"rendered":"http:\/\/www.studiogera.de\/001\/?p=19772"},"modified":"2022-07-12T10:43:37","modified_gmt":"2022-07-12T08:43:37","slug":"vu-in-der-gagarinstrasse","status":"publish","type":"post","link":"https:\/\/www.studiogera.de\/001\/2022\/07\/12\/vu-in-der-gagarinstrasse\/","title":{"rendered":"VU IN DER GAGARINSTRASSE"},"content":{"rendered":"\n<p>Am Montag, den 11. Juli 2022, kamen Beamte der Polizei gegen 14.45 Uhr an der Kreuzung Stra\u00dfe des Bergmanns\/Dornaer Stra\u00dfe zum Einsatz, nachdemmsich dort ein Verkehrsunfall ereignet hatte. Nach bisherigen Erkenntnissen befuhr der 30-j\u00e4hrige Fahrer eines PKW VW die Stra\u00dfe des Bergmanns aus Richtung Gagarinstra\u00dfe kommend. Als er an der Kreuzung zur Dornaer Stra\u00dfe nach links in die Dornaer Stra\u00dfe abbiegen wollte, kollidierte er mit der entgegenkommenden 25-j\u00e4hrigen Fahrerin eines PKW VW. Die 25-J\u00e4hrige wurde durch den Zusammensto\u00df leicht verletzt. An beiden Fahrzeugen entstanden Sachsch\u00e4den, sodass diese abgeschleppt werden mussten. Die Polizei hat die Ermittlungen zum Unfall aufgenommen.<\/p>\n","protected":false},"excerpt":{"rendered":"<div class=\"mh-excerpt\"><p>Am Montag, den 11. Juli 2022, kamen Beamte der Polizei gegen 14.45 Uhr an der Kreuzung Stra\u00dfe des Bergmanns\/Dornaer Stra\u00dfe zum Einsatz, nachdemmsich dort ein Verkehrsunfall ereignet hatte. Nach bisherigen Erkenntnissen befuhr der 30-j\u00e4hrige Fahrer <a class=\"mh-excerpt-more\" href=\"https:\/\/www.studiogera.de\/001\/2022\/07\/12\/vu-in-der-gagarinstrasse\/\" title=\"VU IN DER GAGARINSTRASSE\">[&#8230;]<\/a><\/p>\n<\/div>","protected":false},"author":3,"featured_media":9353,"comment_status":"open","ping_status":"open","sticky":false,"template":"","format":"standard","meta":{"footnotes":""},"categories":[13],"tags":[],"class_list":{"0":"post-19772","1":"post","2":"type-post","3":"status-publish","4":"format-standard","5":"has-post-thumbnail","7":"category-polizeiberichte"},"_links":{"self":[{"href":"https:\/\/www.studiogera.de\/001\/wp-json\/wp\/v2\/posts\/19772","targetHints":{"allow":["GET"]}}],"collection":[{"href":"https:\/\/www.studiogera.de\/001\/wp-json\/wp\/v2\/posts"}],"about":[{"href":"https:\/\/www.studiogera.de\/001\/wp-json\/wp\/v2\/types\/post"}],"author":[{"embeddable":true,"href":"https:\/\/www.studiogera.de\/001\/wp-json\/wp\/v2\/users\/3"}],"replies":[{"embeddable":true,"href":"https:\/\/www.studiogera.de\/001\/wp-json\/wp\/v2\/comments?post=19772"}],"version-history":[{"count":1,"href":"https:\/\/www.studiogera.de\/001\/wp-json\/wp\/v2\/posts\/19772\/revisions"}],"predecessor-version":[{"id":19773,"href":"https:\/\/www.studiogera.de\/001\/wp-json\/wp\/v2\/posts\/19772\/revisions\/19773"}],"wp:featuredmedia":[{"embeddable":true,"href":"https:\/\/www.studiogera.de\/001\/wp-json\/wp\/v2\/media\/9353"}],"wp:attachment":[{"href":"https:\/\/www.studiogera.de\/001\/wp-json\/wp\/v2\/media?parent=19772"}],"wp:term":[{"taxonomy":"category","embeddable":true,"href":"https:\/\/www.studiogera.de\/001\/wp-json\/wp\/v2\/categories?post=19772"},{"taxonomy":"post_tag","embeddable":true,"href":"https:\/\/www.studiogera.de\/001\/wp-json\/wp\/v2\/tags?post=19772"}],"curies":[{"name":"wp","href":"https:\/\/api.w.org\/{rel}","templated":true}]}}