{"id":19774,"date":"2022-07-13T00:18:49","date_gmt":"2022-07-12T22:18:49","guid":{"rendered":"http:\/\/www.studiogera.de\/001\/?p=19774"},"modified":"2022-07-13T00:18:50","modified_gmt":"2022-07-12T22:18:50","slug":"stadtratssitzung-mit-einwohnerfragestunde-am-13-juli-2022","status":"publish","type":"post","link":"https:\/\/www.studiogera.de\/001\/2022\/07\/13\/stadtratssitzung-mit-einwohnerfragestunde-am-13-juli-2022\/","title":{"rendered":"STADTRATSSITZUNG MIT EINWOHNERFRAGESTUNDE AM 13. JULI 2022"},"content":{"rendered":"\n<p>Am 13. Juli 2022 h\u00e4lt der Stadtrat im Saal des Kultur- und Kongresszentrums seine n\u00e4chste Sitzung ab. F\u00fcr den \u00f6ffentlichen Teil sind die nachfolgenden Tagesordnungspunkte vorgesehen.<\/p>\n\n\n\n<p><strong>Aktuelle Stunde<\/strong><\/p>\n\n\n\n<ul class=\"wp-block-list\"><li>Thema: Energiepreisexplosion in Gera; Sicherungsma\u00dfnahmen ergreifen zum Schutze der Einwohner<\/li><\/ul>\n\n\n\n<p><strong>TOP 1<\/strong><\/p>\n\n\n\n<ul class=\"wp-block-list\"><li>Bekanntgaben des Oberb\u00fcrgermeisters<\/li><\/ul>\n\n\n\n<p><strong>TOP 2<\/strong><\/p>\n\n\n\n<ul class=\"wp-block-list\"><li>Einwohnerfragestunde<\/li><\/ul>\n\n\n\n<p><strong>TOP 3<\/strong><\/p>\n\n\n\n<ul class=\"wp-block-list\"><li>Best\u00e4tigung der Niederschrift vom 15. Juni 2022 (\u00f6ffentlicher Teil)<\/li><\/ul>\n\n\n\n<p><strong>TOP 4<\/strong><\/p>\n\n\n\n<ul class=\"wp-block-list\"><li>Integrierter Sportentwicklungsplan Gera 2030\/Priorit\u00e4tenliste\/II. Weitere Sportst\u00e4tten<\/li><\/ul>\n\n\n\n<p><strong>TOP 5<\/strong><\/p>\n\n\n\n<ul class=\"wp-block-list\"><li>Arbeitsschritte f\u00fcr die Jahre 2022 und 2023 zur Erarbeitung eines Stadtmarketingkonzeptes<\/li><\/ul>\n\n\n\n<p><strong>TOP 6<\/strong><\/p>\n\n\n\n<ul class=\"wp-block-list\"><li>Satzung \u00fcber die Benutzung von \u00f6ffentlichen Einrichtungen bei der Unterbringung besonderer Bedarfsgruppen in Gera (Unterbringungssatzung)<\/li><\/ul>\n\n\n\n<p><strong>TOP 7<\/strong><\/p>\n\n\n\n<ul class=\"wp-block-list\"><li>Benutzungsgeb\u00fchrensatzung f\u00fcr \u00f6ffentliche Einrichtungen bei der Unterbringung besonderer Bedarfsgruppen in Gera (Unterbringungsgeb\u00fchrensatzung)<\/li><\/ul>\n\n\n\n<p><strong>TOP 8<\/strong><\/p>\n\n\n\n<ul class=\"wp-block-list\"><li>Investitionsbeschluss zum Ersatzneubau I4700-0056 \u201eFu\u00dfg\u00e4ngerbr\u00fccke N\u00fcrnberger Stra\u00dfe\u201c in Lusan<\/li><\/ul>\n\n\n\n<p><strong>TOP 9<\/strong><\/p>\n\n\n\n<ul class=\"wp-block-list\"><li>Sparkasse Gera-Greiz, hier: Entlastung des Verwaltungsrates f\u00fcr das Gesch\u00e4ftsjahr 2020<\/li><\/ul>\n\n\n\n<p><strong>TOP 10<\/strong><\/p>\n\n\n\n<ul class=\"wp-block-list\"><li>Geraer Heimbetriebsgesellschaft mbH (HBG); hier: Entlastung des Aufsichtsrates f\u00fcr das Gesch\u00e4ftsjahr 2021<\/li><\/ul>\n\n\n\n<p><strong>TOP 11<\/strong><\/p>\n\n\n\n<ul class=\"wp-block-list\"><li>Jahresabschluss 2019 \u2013 Entlastung; hier: Entlastung der Beigeordneten Kurt Dannenberg und Sandra Wanzar, soweit sie gem\u00e4\u00df \u00a7 32 Abs. 1 Satz 4 Th\u00fcrKO den Oberb\u00fcrgermeister vertreten haben<\/li><\/ul>\n\n\n\n<p><strong>TOP 12<\/strong><\/p>\n\n\n\n<ul class=\"wp-block-list\"><li>GVB Verkehrs- und Betriebsgesellschaft Gera mbH; hier: Entlastung der Mitglieder des Aufsichtsrates und der Gesch\u00e4ftsf\u00fchrung f\u00fcr die Gesch\u00e4ftsjahre 2018, 2019 und 2020<\/li><\/ul>\n\n\n\n<p><strong>TOP 13<\/strong><\/p>\n\n\n\n<ul class=\"wp-block-list\"><li>GVB Verkehrs- und Betriebsgesellschaft Gera mbH, 1. \u00c4nderung des Wirtschaftsplans 2022 und Mittelfristplanung<\/li><\/ul>\n\n\n\n<p><strong>TOP 14<\/strong><\/p>\n\n\n\n<ul class=\"wp-block-list\"><li>Gera Kultur GmbH, hier: Umwandlung durch Verm\u00f6gens\u00fcbertragung auf die Stadt Gera<\/li><\/ul>\n\n\n\n<p><strong>TOP 15<\/strong><\/p>\n\n\n\n<ul class=\"wp-block-list\"><li>Verwendung der Mehreinnahme aus der Schulinvestitionspauschale 2022<\/li><\/ul>\n\n\n\n<p><strong>TOP 16<\/strong><\/p>\n\n\n\n<ul class=\"wp-block-list\"><li>Errichtung \u00f6ffentlicher Toiletten im Stadtgebiet Gera<\/li><\/ul>\n\n\n\n<p><strong>TOP 17<\/strong><\/p>\n\n\n\n<ul class=\"wp-block-list\"><li>Mangelhafte und verschlissene \u00f6ffentliche (Verkehrs-)Infrastruktur in der Stadt Gera<\/li><\/ul>\n\n\n\n<p><strong>TOP 18<\/strong><\/p>\n\n\n\n<ul class=\"wp-block-list\"><li>Bebauungsplan B\/151\/18 &#8222;Wohnpark Mozartstra\u00dfe&#8220;; Abw\u00e4gungs- und Satzungsbeschluss<\/li><\/ul>\n\n\n\n<p><strong>TOP 19<\/strong><\/p>\n\n\n\n<ul class=\"wp-block-list\"><li>Gesch\u00e4ftsordnung des Stadtrates der Stadt Gera und seiner Aussch\u00fcsse (GeschO); hier: \u00c4nderung<\/li><\/ul>\n","protected":false},"excerpt":{"rendered":"<div class=\"mh-excerpt\"><p>Am 13. Juli 2022 h\u00e4lt der Stadtrat im Saal des Kultur- und Kongresszentrums seine n\u00e4chste Sitzung ab. F\u00fcr den \u00f6ffentlichen Teil sind die nachfolgenden Tagesordnungspunkte vorgesehen. Aktuelle Stunde Thema: Energiepreisexplosion in Gera; Sicherungsma\u00dfnahmen ergreifen zum <a class=\"mh-excerpt-more\" href=\"https:\/\/www.studiogera.de\/001\/2022\/07\/13\/stadtratssitzung-mit-einwohnerfragestunde-am-13-juli-2022\/\" title=\"STADTRATSSITZUNG MIT EINWOHNERFRAGESTUNDE AM 13. JULI 2022\">[&#8230;]<\/a><\/p>\n<\/div>","protected":false},"author":3,"featured_media":6580,"comment_status":"open","ping_status":"open","sticky":false,"template":"","format":"standard","meta":{"footnotes":""},"categories":[16],"tags":[],"class_list":{"0":"post-19774","1":"post","2":"type-post","3":"status-publish","4":"format-standard","5":"has-post-thumbnail","7":"category-kurzmitteilungen"},"_links":{"self":[{"href":"https:\/\/www.studiogera.de\/001\/wp-json\/wp\/v2\/posts\/19774","targetHints":{"allow":["GET"]}}],"collection":[{"href":"https:\/\/www.studiogera.de\/001\/wp-json\/wp\/v2\/posts"}],"about":[{"href":"https:\/\/www.studiogera.de\/001\/wp-json\/wp\/v2\/types\/post"}],"author":[{"embeddable":true,"href":"https:\/\/www.studiogera.de\/001\/wp-json\/wp\/v2\/users\/3"}],"replies":[{"embeddable":true,"href":"https:\/\/www.studiogera.de\/001\/wp-json\/wp\/v2\/comments?post=19774"}],"version-history":[{"count":1,"href":"https:\/\/www.studiogera.de\/001\/wp-json\/wp\/v2\/posts\/19774\/revisions"}],"predecessor-version":[{"id":19775,"href":"https:\/\/www.studiogera.de\/001\/wp-json\/wp\/v2\/posts\/19774\/revisions\/19775"}],"wp:featuredmedia":[{"embeddable":true,"href":"https:\/\/www.studiogera.de\/001\/wp-json\/wp\/v2\/media\/6580"}],"wp:attachment":[{"href":"https:\/\/www.studiogera.de\/001\/wp-json\/wp\/v2\/media?parent=19774"}],"wp:term":[{"taxonomy":"category","embeddable":true,"href":"https:\/\/www.studiogera.de\/001\/wp-json\/wp\/v2\/categories?post=19774"},{"taxonomy":"post_tag","embeddable":true,"href":"https:\/\/www.studiogera.de\/001\/wp-json\/wp\/v2\/tags?post=19774"}],"curies":[{"name":"wp","href":"https:\/\/api.w.org\/{rel}","templated":true}]}}