{"id":19787,"date":"2022-07-13T10:25:25","date_gmt":"2022-07-13T08:25:25","guid":{"rendered":"http:\/\/www.studiogera.de\/001\/?p=19787"},"modified":"2022-07-13T10:25:27","modified_gmt":"2022-07-13T08:25:27","slug":"einsatz-in-bieblach-ost-aufgrund-einer-personengruppe","status":"publish","type":"post","link":"https:\/\/www.studiogera.de\/001\/2022\/07\/13\/einsatz-in-bieblach-ost-aufgrund-einer-personengruppe\/","title":{"rendered":"EINSATZ IN BIEBLACH-OST AUFGRUND EINER PERSONENGRUPPE"},"content":{"rendered":"\n<p>Mittwochnacht, am 13. Juli um 1.40 Uhr, kamen Beamte der Geraer Polizei in der Heidecksburgstra\u00dfe zum Einsatz, nachdem \u00fcber den Notruf 110 zun\u00e4chst eine verbal aggressive Personengruppe gemeldet worden war. Im Zuge des sofortigen Einsatzes stellten die Beamten zwei Tatverd\u00e4chtige, 29 bzw. 42 Jahre alt, am Einsatzort fest. Diese beleidigten vor Eintreffen der Polizeibeamten zwei Frauen, 19 bz. 21 Jahre alt, die ebenfalls vor Ort angetroffen wurden. Einer der Tatverd\u00e4chtigen versuchte zudem, von der 21-J\u00e4hrigen eine Zigarette zu stehlen. Gegen die beiden M\u00e4nner wurden Anzeigen wegen Beleidigung und versuchtem Diebstahl erstattet. Sie erhielten anschlie\u00dfend einen Platzverweis.<\/p>\n","protected":false},"excerpt":{"rendered":"<div class=\"mh-excerpt\"><p>Mittwochnacht, am 13. Juli um 1.40 Uhr, kamen Beamte der Geraer Polizei in der Heidecksburgstra\u00dfe zum Einsatz, nachdem \u00fcber den Notruf 110 zun\u00e4chst eine verbal aggressive Personengruppe gemeldet worden war. Im Zuge des sofortigen Einsatzes <a class=\"mh-excerpt-more\" href=\"https:\/\/www.studiogera.de\/001\/2022\/07\/13\/einsatz-in-bieblach-ost-aufgrund-einer-personengruppe\/\" title=\"EINSATZ IN BIEBLACH-OST AUFGRUND EINER PERSONENGRUPPE\">[&#8230;]<\/a><\/p>\n<\/div>","protected":false},"author":3,"featured_media":9357,"comment_status":"open","ping_status":"open","sticky":false,"template":"","format":"standard","meta":{"footnotes":""},"categories":[13],"tags":[],"class_list":{"0":"post-19787","1":"post","2":"type-post","3":"status-publish","4":"format-standard","5":"has-post-thumbnail","7":"category-polizeiberichte"},"_links":{"self":[{"href":"https:\/\/www.studiogera.de\/001\/wp-json\/wp\/v2\/posts\/19787","targetHints":{"allow":["GET"]}}],"collection":[{"href":"https:\/\/www.studiogera.de\/001\/wp-json\/wp\/v2\/posts"}],"about":[{"href":"https:\/\/www.studiogera.de\/001\/wp-json\/wp\/v2\/types\/post"}],"author":[{"embeddable":true,"href":"https:\/\/www.studiogera.de\/001\/wp-json\/wp\/v2\/users\/3"}],"replies":[{"embeddable":true,"href":"https:\/\/www.studiogera.de\/001\/wp-json\/wp\/v2\/comments?post=19787"}],"version-history":[{"count":1,"href":"https:\/\/www.studiogera.de\/001\/wp-json\/wp\/v2\/posts\/19787\/revisions"}],"predecessor-version":[{"id":19788,"href":"https:\/\/www.studiogera.de\/001\/wp-json\/wp\/v2\/posts\/19787\/revisions\/19788"}],"wp:featuredmedia":[{"embeddable":true,"href":"https:\/\/www.studiogera.de\/001\/wp-json\/wp\/v2\/media\/9357"}],"wp:attachment":[{"href":"https:\/\/www.studiogera.de\/001\/wp-json\/wp\/v2\/media?parent=19787"}],"wp:term":[{"taxonomy":"category","embeddable":true,"href":"https:\/\/www.studiogera.de\/001\/wp-json\/wp\/v2\/categories?post=19787"},{"taxonomy":"post_tag","embeddable":true,"href":"https:\/\/www.studiogera.de\/001\/wp-json\/wp\/v2\/tags?post=19787"}],"curies":[{"name":"wp","href":"https:\/\/api.w.org\/{rel}","templated":true}]}}