{"id":19884,"date":"2022-07-20T16:28:24","date_gmt":"2022-07-20T14:28:24","guid":{"rendered":"http:\/\/www.studiogera.de\/001\/?p=19884"},"modified":"2022-07-20T16:28:26","modified_gmt":"2022-07-20T14:28:26","slug":"brennendes-unterholz-im-stadtwald-2","status":"publish","type":"post","link":"https:\/\/www.studiogera.de\/001\/2022\/07\/20\/brennendes-unterholz-im-stadtwald-2\/","title":{"rendered":"BRENNENDES UNTERHOLZ IM STADTWALD"},"content":{"rendered":"\n<p>Nachdem am 19. Juli gegen 14.10 Uhr eine unklare Rauchentwicklung im Stadtwald bekannt geworden war, wurden umgehend Polizei und Feuerwehr alarmiert. Als die Brandstelle ausfindig gemacht werden konnte, begannen mehr als 50 Kameraden der Feuerwehr mit der Brandbek\u00e4mpfung, wobei die L\u00f6scharbeiten bis in die Abendstunden andauerten. Seitens der Geraer Polizei wurde, mit Unterst\u00fctzung von Einsatzkr\u00e4ften aus Jena, der Brandort weitr\u00e4umig abgesperrt, was zwischenzeitlich zu Verkehrsbeeintr\u00e4chtigungen f\u00fchrte. Nach ersten Sch\u00e4tzungen brannte mehr als ein Hektar Unterholz. Verletzt wurde gl\u00fccklicherweise niemand. Die Brandursache ist derzeit noch unbekannt.<\/p>\n","protected":false},"excerpt":{"rendered":"<div class=\"mh-excerpt\"><p>Nachdem am 19. Juli gegen 14.10 Uhr eine unklare Rauchentwicklung im Stadtwald bekannt geworden war, wurden umgehend Polizei und Feuerwehr alarmiert. Als die Brandstelle ausfindig gemacht werden konnte, begannen mehr als 50 Kameraden der Feuerwehr <a class=\"mh-excerpt-more\" href=\"https:\/\/www.studiogera.de\/001\/2022\/07\/20\/brennendes-unterholz-im-stadtwald-2\/\" title=\"BRENNENDES UNTERHOLZ IM STADTWALD\">[&#8230;]<\/a><\/p>\n<\/div>","protected":false},"author":3,"featured_media":9362,"comment_status":"open","ping_status":"open","sticky":false,"template":"","format":"standard","meta":{"footnotes":""},"categories":[13],"tags":[],"class_list":{"0":"post-19884","1":"post","2":"type-post","3":"status-publish","4":"format-standard","5":"has-post-thumbnail","7":"category-polizeiberichte"},"_links":{"self":[{"href":"https:\/\/www.studiogera.de\/001\/wp-json\/wp\/v2\/posts\/19884","targetHints":{"allow":["GET"]}}],"collection":[{"href":"https:\/\/www.studiogera.de\/001\/wp-json\/wp\/v2\/posts"}],"about":[{"href":"https:\/\/www.studiogera.de\/001\/wp-json\/wp\/v2\/types\/post"}],"author":[{"embeddable":true,"href":"https:\/\/www.studiogera.de\/001\/wp-json\/wp\/v2\/users\/3"}],"replies":[{"embeddable":true,"href":"https:\/\/www.studiogera.de\/001\/wp-json\/wp\/v2\/comments?post=19884"}],"version-history":[{"count":1,"href":"https:\/\/www.studiogera.de\/001\/wp-json\/wp\/v2\/posts\/19884\/revisions"}],"predecessor-version":[{"id":19885,"href":"https:\/\/www.studiogera.de\/001\/wp-json\/wp\/v2\/posts\/19884\/revisions\/19885"}],"wp:featuredmedia":[{"embeddable":true,"href":"https:\/\/www.studiogera.de\/001\/wp-json\/wp\/v2\/media\/9362"}],"wp:attachment":[{"href":"https:\/\/www.studiogera.de\/001\/wp-json\/wp\/v2\/media?parent=19884"}],"wp:term":[{"taxonomy":"category","embeddable":true,"href":"https:\/\/www.studiogera.de\/001\/wp-json\/wp\/v2\/categories?post=19884"},{"taxonomy":"post_tag","embeddable":true,"href":"https:\/\/www.studiogera.de\/001\/wp-json\/wp\/v2\/tags?post=19884"}],"curies":[{"name":"wp","href":"https:\/\/api.w.org\/{rel}","templated":true}]}}