{"id":19896,"date":"2022-07-20T22:10:40","date_gmt":"2022-07-20T20:10:40","guid":{"rendered":"http:\/\/www.studiogera.de\/001\/?p=19896"},"modified":"2022-07-20T22:10:41","modified_gmt":"2022-07-20T20:10:41","slug":"das-versteinerte-moostierchen-aus-der-muelltonne","status":"publish","type":"post","link":"https:\/\/www.studiogera.de\/001\/2022\/07\/20\/das-versteinerte-moostierchen-aus-der-muelltonne\/","title":{"rendered":"DAS VERSTEINERTE MOOSTIERCHEN AUS DER M\u00dcLLTONNE"},"content":{"rendered":"\n<p>Das Objekt des Monats Juni 2022 im Geraer Museum f\u00fcr Naturkunde ist ein Fossil mit dem Namen \u201eBryozoe Rectifenestella retiformis\u201c. Ein Mitglied des Vereins Geraer Mineralien- und Fossilienfreunde e. V. \u00fcbergab es dem Museum im Jahr 2017. Der Spender hatte das Objekt zuvor von einer B\u00fcrgerin aus Greiz erhalten, die es 2010 in einem M\u00fcllcontainer entdeckt und daraus \u201egeborgen\u201c hatte. Damals zog ein namhaftes Greizer Gymnasium in ein neues Geb\u00e4ude innerhalb der Stadt um. Die bis dahin an der Schule befindliche geologische Sammlung wurde bei dieser Gelegenheit zu einem gro\u00dfen Teil in den M\u00fcll gegeben. Dieser Vorgang fiel auf, sodass das Material gr\u00f6\u00dftenteils vor der Vernichtung bewahrt wurde \u2014 so auch dieses Fossil.<\/p>\n\n\n\n<p>Die Mitarbeiter im Museum f\u00fcr Naturkunde Gera inventarisierten das St\u00fcck und stellten mit \u00dcberraschung fest, dass es ein unverwechselbares aufgeklebtes Etikett des Geraer Hobbypal\u00e4ontologen und Heimatforschers Robert Eisel (1826 bis 1917) tr\u00e4gt. Eisel geh\u00f6rte zu den wichtigsten Sammlern und Kennern der Geologie und der Fossilien des Geraer Zechsteins. Scheinbar nicht dazu passend lag dem Fossil jedoch ein Etikett des \u201eSchlesischen Mineralien-Comptoirs\u201c von Ernst Leisner zu Waldenburg in Schlesien bei. Leisner war Lehrer und Mineralienh\u00e4ndler in Waldenburg (heute Wa\u0142brzych, Polen), der sich der Geologie verschrieben hatte und Lehrsammlungen von Mineralien, Gesteinen und Fossilien f\u00fcr den Privatgebrauch und auch f\u00fcr Schulen vertrieb. Da Robert Eisel mit enormen Mengen von Fossilien handelte, war klar, dass auch das hier vorgestellte Exemplar von Eisel an Leisner zum Weitervertrieb in dessen Lehrsammlungen verkauft wurde. So gelangte es als Teil einer Lehr- bzw. Schulsammlung des H\u00e4ndlers Ernst Leisner von Waldenburg in Schlesien nach Greiz.<\/p>\n\n\n\n<p>Bei dem Fossil handelt es sich um eine gut erhaltene Kolonie der Bryozoe Rectifenestella retiformis, laut Etikett gefunden in Gera. Bryozoen sind wirbellose, mehrzellige, im Wasser lebende Tiere. Die Bryozoen sind nicht ausgestorben, sie existieren bis in die Gegenwart. Sie \u00e4hneln \u00e4u\u00dferlich den Korallen, denn sie haben wie diese Tentakel und einen sackf\u00f6rmigen K\u00f6rper. Die einzelnen Tiere sind gew\u00f6hnlich sehr klein und haben h\u00f6chstens einen Durchmesser von einigen Millimetern. Die Einzelindividuen sind durch ein Skelett aus Chitin oder Kalk umgeben, sitzen in kleinen Vertiefungen und bilden eine Kolonie. Das Fossil aus der M\u00fclltonne ist ein Teilst\u00fcck einer solchen zusammenh\u00e4ngenden Kolonie. Funde von Bryozoen im Geraer Zechstein sind h\u00e4ufig und bekannt. Rectifenestella retiformis geh\u00f6rt jedoch nicht zu den im Stadtgebiet von Gera charakteristischen Vertretern der Bryozoen. Diese riffbildende Art ist typischer an anderen Fundorten, wo sie eine sehr h\u00e4ufige und verbreitete Bryozoenart darstellt. Auch das Gestein, in dem die Kolonie fossil erhalten ist, und die in diesem Gestein enthaltenen Mineralien machen einen f\u00fcr Gera untypischen Eindruck. Durch Vergleiche mit zahlreichen anderen Objekten der Bryozoensammlung des Museums ist das St\u00fcck mit hoher Wahrscheinlichkeit dem nahe bei Gera liegenden historischen Aufschluss im Eleonorental in Bad K\u00f6stritz zuzuordnen.<\/p>\n\n\n\n<p>Nur durch einen gl\u00fccklichen Zufall, im Rahmen der ungl\u00fccklichen Entsorgung einer Sammlung, gelangte dieses interessante St\u00fcck 2017, im Jahre des 100. Todestages von Robert Eisel, wieder nach Gera. Dort bereichert es die umfangreiche Zechsteinsammlung des Museums f\u00fcr Naturkunde und steht nun zum Zwecke von Ausstellungen und Forschung zur Verf\u00fcgung.<\/p>\n\n\n\n<p>QUELLE: STADTVERWALTUNG<\/p>\n","protected":false},"excerpt":{"rendered":"<div class=\"mh-excerpt\"><p>Das Objekt des Monats Juni 2022 im Geraer Museum f\u00fcr Naturkunde ist ein Fossil mit dem Namen \u201eBryozoe Rectifenestella retiformis\u201c. Ein Mitglied des Vereins Geraer Mineralien- und Fossilienfreunde e. V. \u00fcbergab es dem Museum im <a class=\"mh-excerpt-more\" href=\"https:\/\/www.studiogera.de\/001\/2022\/07\/20\/das-versteinerte-moostierchen-aus-der-muelltonne\/\" title=\"DAS VERSTEINERTE MOOSTIERCHEN AUS DER M\u00dcLLTONNE\">[&#8230;]<\/a><\/p>\n<\/div>","protected":false},"author":2,"featured_media":19898,"comment_status":"open","ping_status":"open","sticky":false,"template":"","format":"standard","meta":{"footnotes":""},"categories":[7],"tags":[],"class_list":{"0":"post-19896","1":"post","2":"type-post","3":"status-publish","4":"format-standard","5":"has-post-thumbnail","7":"category-regionalkunde"},"_links":{"self":[{"href":"https:\/\/www.studiogera.de\/001\/wp-json\/wp\/v2\/posts\/19896","targetHints":{"allow":["GET"]}}],"collection":[{"href":"https:\/\/www.studiogera.de\/001\/wp-json\/wp\/v2\/posts"}],"about":[{"href":"https:\/\/www.studiogera.de\/001\/wp-json\/wp\/v2\/types\/post"}],"author":[{"embeddable":true,"href":"https:\/\/www.studiogera.de\/001\/wp-json\/wp\/v2\/users\/2"}],"replies":[{"embeddable":true,"href":"https:\/\/www.studiogera.de\/001\/wp-json\/wp\/v2\/comments?post=19896"}],"version-history":[{"count":1,"href":"https:\/\/www.studiogera.de\/001\/wp-json\/wp\/v2\/posts\/19896\/revisions"}],"predecessor-version":[{"id":19897,"href":"https:\/\/www.studiogera.de\/001\/wp-json\/wp\/v2\/posts\/19896\/revisions\/19897"}],"wp:featuredmedia":[{"embeddable":true,"href":"https:\/\/www.studiogera.de\/001\/wp-json\/wp\/v2\/media\/19898"}],"wp:attachment":[{"href":"https:\/\/www.studiogera.de\/001\/wp-json\/wp\/v2\/media?parent=19896"}],"wp:term":[{"taxonomy":"category","embeddable":true,"href":"https:\/\/www.studiogera.de\/001\/wp-json\/wp\/v2\/categories?post=19896"},{"taxonomy":"post_tag","embeddable":true,"href":"https:\/\/www.studiogera.de\/001\/wp-json\/wp\/v2\/tags?post=19896"}],"curies":[{"name":"wp","href":"https:\/\/api.w.org\/{rel}","templated":true}]}}