{"id":19910,"date":"2022-07-20T23:53:28","date_gmt":"2022-07-20T21:53:28","guid":{"rendered":"http:\/\/www.studiogera.de\/001\/?p=19910"},"modified":"2022-07-20T23:53:29","modified_gmt":"2022-07-20T21:53:29","slug":"nur-wenige-maskentraeger-im-oepnv","status":"publish","type":"post","link":"https:\/\/www.studiogera.de\/001\/2022\/07\/20\/nur-wenige-maskentraeger-im-oepnv\/","title":{"rendered":"NUR WENIGE MASKENTR\u00c4GER IM \u00d6PNV"},"content":{"rendered":"\n<p>In den \u00f6ffentlichen Verkehrsmitteln der Stadt lehnen die meisten Fahrg\u00e4ste das Tragen einer Maske ab. Zwar werden sie regelm\u00e4\u00dfig per Durchsage daran erinnert, ebenso durch Hinweisschilder, aber nur wenige setzen sie auf. Woran liegt das? Zum einen hat die Akzeptanz derartiger Vorschriften deutlich nachgelassen, zum anderen wird das Atmen durch eine Maske bei den hohen sommerlichen Temperaturen als unzumutbar empfunden. Auch \u00e4ltere Menschen verzichten darauf weitgehend. Bei einer \u00dcberpr\u00fcfung in einem Tatra-Wagen der Linie 3 zeigte das Thermometer heute Nachmittag 40 \u00b0C an. Eine Klimaanlage gibt es nicht. Nur ein schwacher, durch die halb blockierten Dachluken einstr\u00f6mender Fahrtwind sorgte zusammen mit den knapp bemessenen Fenster\u00f6ffnungen f\u00fcr etwas Ausgleich. Zur gleichen Zeit meldete die Wetterwarte am Flugplatz 36,8 \u00b0C. Das TLUG-Thermometer in der Friedericistra\u00dfe zeigte 42,5 \u00b0C an.<\/p>\n","protected":false},"excerpt":{"rendered":"<div class=\"mh-excerpt\"><p>In den \u00f6ffentlichen Verkehrsmitteln der Stadt lehnen die meisten Fahrg\u00e4ste das Tragen einer Maske ab. Zwar werden sie regelm\u00e4\u00dfig per Durchsage daran erinnert, ebenso durch Hinweisschilder, aber nur wenige setzen sie auf. Woran liegt das? <a class=\"mh-excerpt-more\" href=\"https:\/\/www.studiogera.de\/001\/2022\/07\/20\/nur-wenige-maskentraeger-im-oepnv\/\" title=\"NUR WENIGE MASKENTR\u00c4GER IM \u00d6PNV\">[&#8230;]<\/a><\/p>\n<\/div>","protected":false},"author":2,"featured_media":19911,"comment_status":"open","ping_status":"open","sticky":false,"template":"","format":"standard","meta":{"footnotes":""},"categories":[3],"tags":[],"class_list":{"0":"post-19910","1":"post","2":"type-post","3":"status-publish","4":"format-standard","5":"has-post-thumbnail","7":"category-lokal"},"_links":{"self":[{"href":"https:\/\/www.studiogera.de\/001\/wp-json\/wp\/v2\/posts\/19910","targetHints":{"allow":["GET"]}}],"collection":[{"href":"https:\/\/www.studiogera.de\/001\/wp-json\/wp\/v2\/posts"}],"about":[{"href":"https:\/\/www.studiogera.de\/001\/wp-json\/wp\/v2\/types\/post"}],"author":[{"embeddable":true,"href":"https:\/\/www.studiogera.de\/001\/wp-json\/wp\/v2\/users\/2"}],"replies":[{"embeddable":true,"href":"https:\/\/www.studiogera.de\/001\/wp-json\/wp\/v2\/comments?post=19910"}],"version-history":[{"count":2,"href":"https:\/\/www.studiogera.de\/001\/wp-json\/wp\/v2\/posts\/19910\/revisions"}],"predecessor-version":[{"id":19913,"href":"https:\/\/www.studiogera.de\/001\/wp-json\/wp\/v2\/posts\/19910\/revisions\/19913"}],"wp:featuredmedia":[{"embeddable":true,"href":"https:\/\/www.studiogera.de\/001\/wp-json\/wp\/v2\/media\/19911"}],"wp:attachment":[{"href":"https:\/\/www.studiogera.de\/001\/wp-json\/wp\/v2\/media?parent=19910"}],"wp:term":[{"taxonomy":"category","embeddable":true,"href":"https:\/\/www.studiogera.de\/001\/wp-json\/wp\/v2\/categories?post=19910"},{"taxonomy":"post_tag","embeddable":true,"href":"https:\/\/www.studiogera.de\/001\/wp-json\/wp\/v2\/tags?post=19910"}],"curies":[{"name":"wp","href":"https:\/\/api.w.org\/{rel}","templated":true}]}}