{"id":19915,"date":"2022-07-21T15:03:46","date_gmt":"2022-07-21T13:03:46","guid":{"rendered":"http:\/\/www.studiogera.de\/001\/?p=19915"},"modified":"2022-07-21T15:03:48","modified_gmt":"2022-07-21T13:03:48","slug":"brennendes-unterholz-im-wald-bei-taubenpreskeln","status":"publish","type":"post","link":"https:\/\/www.studiogera.de\/001\/2022\/07\/21\/brennendes-unterholz-im-wald-bei-taubenpreskeln\/","title":{"rendered":"BRENNENDES UNTERHOLZ IM WALD BEI TAUBENPRESKELN"},"content":{"rendered":"\n<p>Ein gemeldeter Waldbrand im Bereich Taubenpreskeln sorgte am 20. Juli kurz vor 14 Uhr f\u00fcr einen Feuerwehr- und Polizeieinsatz. Der Brandort, am Kiefernberg, konnte schnell lokalisiert werden. Durch das schnelle Einschreiten der Feuerwehrkr\u00e4fte konnte das Feuer unter Kontrolle gebracht werden. Ein \u00dcbergreifen der Flammen auf ein dort befindliches Wohnhaus wurde zum Gl\u00fcck verhindert. Warum der Brand im Unterholzes am dortigen Bebauungsrand ausbrach, ist derzeit unbekannt.<\/p>\n","protected":false},"excerpt":{"rendered":"<div class=\"mh-excerpt\"><p>Ein gemeldeter Waldbrand im Bereich Taubenpreskeln sorgte am 20. Juli kurz vor 14 Uhr f\u00fcr einen Feuerwehr- und Polizeieinsatz. Der Brandort, am Kiefernberg, konnte schnell lokalisiert werden. Durch das schnelle Einschreiten der Feuerwehrkr\u00e4fte konnte das <a class=\"mh-excerpt-more\" href=\"https:\/\/www.studiogera.de\/001\/2022\/07\/21\/brennendes-unterholz-im-wald-bei-taubenpreskeln\/\" title=\"BRENNENDES UNTERHOLZ IM WALD BEI TAUBENPRESKELN\">[&#8230;]<\/a><\/p>\n<\/div>","protected":false},"author":3,"featured_media":9362,"comment_status":"open","ping_status":"open","sticky":false,"template":"","format":"standard","meta":{"footnotes":""},"categories":[13],"tags":[],"class_list":{"0":"post-19915","1":"post","2":"type-post","3":"status-publish","4":"format-standard","5":"has-post-thumbnail","7":"category-polizeiberichte"},"_links":{"self":[{"href":"https:\/\/www.studiogera.de\/001\/wp-json\/wp\/v2\/posts\/19915","targetHints":{"allow":["GET"]}}],"collection":[{"href":"https:\/\/www.studiogera.de\/001\/wp-json\/wp\/v2\/posts"}],"about":[{"href":"https:\/\/www.studiogera.de\/001\/wp-json\/wp\/v2\/types\/post"}],"author":[{"embeddable":true,"href":"https:\/\/www.studiogera.de\/001\/wp-json\/wp\/v2\/users\/3"}],"replies":[{"embeddable":true,"href":"https:\/\/www.studiogera.de\/001\/wp-json\/wp\/v2\/comments?post=19915"}],"version-history":[{"count":1,"href":"https:\/\/www.studiogera.de\/001\/wp-json\/wp\/v2\/posts\/19915\/revisions"}],"predecessor-version":[{"id":19916,"href":"https:\/\/www.studiogera.de\/001\/wp-json\/wp\/v2\/posts\/19915\/revisions\/19916"}],"wp:featuredmedia":[{"embeddable":true,"href":"https:\/\/www.studiogera.de\/001\/wp-json\/wp\/v2\/media\/9362"}],"wp:attachment":[{"href":"https:\/\/www.studiogera.de\/001\/wp-json\/wp\/v2\/media?parent=19915"}],"wp:term":[{"taxonomy":"category","embeddable":true,"href":"https:\/\/www.studiogera.de\/001\/wp-json\/wp\/v2\/categories?post=19915"},{"taxonomy":"post_tag","embeddable":true,"href":"https:\/\/www.studiogera.de\/001\/wp-json\/wp\/v2\/tags?post=19915"}],"curies":[{"name":"wp","href":"https:\/\/api.w.org\/{rel}","templated":true}]}}