{"id":19965,"date":"2022-07-26T19:16:36","date_gmt":"2022-07-26T17:16:36","guid":{"rendered":"http:\/\/www.studiogera.de\/001\/?p=19965"},"modified":"2022-07-26T19:17:53","modified_gmt":"2022-07-26T17:17:53","slug":"notfallplan-der-eu-zur-senkung-der-gas-nachfrage","status":"publish","type":"post","link":"https:\/\/www.studiogera.de\/001\/2022\/07\/26\/notfallplan-der-eu-zur-senkung-der-gas-nachfrage\/","title":{"rendered":"NOTFALLPLAN DER EU ZUR SENKUNG DER GAS-NACHFRAGE"},"content":{"rendered":"\n<p>Eine neue Verordnung soll den Mitgliedsstaaten der EU das Ziel vorgeben, die Gas-Nachfrage im Zeitraum vom 1. August 2022 bis 31. M\u00e4rz 2023 um 15 % zu senken, bezogen auf die Nachfrage der vergangenen f\u00fcnf Jahre. Darauf einigten sich die Energieminister der EU am 26. Juli 2022. Dem vorausgegangen war ein Vorschlag der EU-Kommission. Zudem kann ein sogenannter Unionsalarm ausgel\u00f6st werden. In diesem Falle wird die Reduktion verbindlich angeordnet. F\u00fcr mehrere kleinere L\u00e4nder sind allerdings Ausnahmen vorgesehen. Einige sind nicht an das europ\u00e4ische Gasnetz angeschlossen. Damit konnten diese ebenfalls zur Zustimmung bewegt werden. Der Plan beinhaltet auch eine Verpflichtung zur gegenseitigen Hilfe. Staaten, die mehr Gas als notwendig einsparen, m\u00fcssen dieses eingesparte Gas an andere Staaten weiterleiten, die ihre Nachfrage nicht um das vorgegebene Ma\u00df senken konnten.<\/p>\n\n\n\n<p>Die Verordnung kann nach einem Beschluss des Rates in Kraft treten. Bei der Abstimmung ist eine Mehrheit von 15 der 27 EU-Staaten n\u00f6tig. Diese m\u00fcssen mindestens 65 % der gesamten Einwohner repr\u00e4sentieren.<\/p>\n\n\n\n<p>Die letzten drei Kernkraftwerke in Deutschland sollen Ende des Jahres 2022 abgeschaltet werden. W\u00e4hrend die Gr\u00fcnen eine Verl\u00e4ngerung der Laufzeit ablehnen, spricht sich die FDP-Bundestagsfraktion f\u00fcr eine Nutzung bis Anfang 2024 aus. An der Produktion von Elektrizit\u00e4t haben diese drei Kraftwerke einen Anteil von etwa 6,5 %.<\/p>\n\n\n\n<p>Der Energieimporteur Uniper hatte bereits Gas aus den Speichern in Deutschland entnommen, bef\u00fcllt diese aber mittlerweile wieder. Dass der vorgegebene F\u00fcllstand erreicht wird, ist derzeit wegen der angek\u00fcndigten Drosselung von Seiten Russlands unwahrscheinlich. Zudem d\u00fcrfen Deutschland und die anderen EU-Staaten sp\u00e4testens ab Ende August 2022 keine Kohle mehr aus Russland importieren. Einen entsprechenden Vorschlag der EU-Kommission hatten die Mitgliedsstaaten am 22. April 2022 gebilligt. \u00d6l aus Russland darf nur noch bis Ende 2022 importiert werden.<\/p>\n\n\n\n<p>Am 25. Juli 2022 hatte das russische Unternehmen Gazprom eine weitere Reduzierung des Gas-Transfers durch die Leitung Nord-Stream I ab dem 27. Juli angek\u00fcndigt. Damit sinkt die Menge von 40 % der m\u00f6glichen Kapazit\u00e4t auf 20 %.<\/p>\n\n\n\n<p>Marktbeobachter gehen davon aus, dass Russland die Gas-Lieferungen aus strategischen Gr\u00fcnden soweit drosseln wird, dass eine Bevorratung nicht mehr m\u00f6glich ist. Damit solle die EU zerm\u00fcrbt werden. Gleichzeitig wolle Russland die Inbetriebnahme der Leitung Nord-Stream II erzwingen. Die EU hingegen versuche den Umstand zu nutzen, um ihren Transformationszielen so n\u00e4her zu kommen, dass die russische Regierung als Verursacher der Verknappung genannt werden kann. Dadurch werde der mit Verwirklichung des Klimaschutzprogramms aufkommende Unmut unter den Verbrauchern nach Russland umgelenkt.<\/p>\n\n\n\n<p>Die Bundesregierung plant indessen eine Aktivierung der Braunkohlereserve ab dem 1. Oktober 2022 sowie detaillierte Vorgaben f\u00fcr \u00f6ffentliche Geb\u00e4ude und private Haushaltungen zum Einsparen von Energie.<\/p>\n","protected":false},"excerpt":{"rendered":"<div class=\"mh-excerpt\"><p>Eine neue Verordnung soll den Mitgliedsstaaten der EU das Ziel vorgeben, die Gas-Nachfrage im Zeitraum vom 1. August 2022 bis 31. M\u00e4rz 2023 um 15 % zu senken, bezogen auf die Nachfrage der vergangenen f\u00fcnf <a class=\"mh-excerpt-more\" href=\"https:\/\/www.studiogera.de\/001\/2022\/07\/26\/notfallplan-der-eu-zur-senkung-der-gas-nachfrage\/\" title=\"NOTFALLPLAN DER EU ZUR SENKUNG DER GAS-NACHFRAGE\">[&#8230;]<\/a><\/p>\n<\/div>","protected":false},"author":2,"featured_media":19966,"comment_status":"open","ping_status":"open","sticky":false,"template":"","format":"standard","meta":{"footnotes":""},"categories":[2],"tags":[],"class_list":{"0":"post-19965","1":"post","2":"type-post","3":"status-publish","4":"format-standard","5":"has-post-thumbnail","7":"category-weltweit"},"_links":{"self":[{"href":"https:\/\/www.studiogera.de\/001\/wp-json\/wp\/v2\/posts\/19965","targetHints":{"allow":["GET"]}}],"collection":[{"href":"https:\/\/www.studiogera.de\/001\/wp-json\/wp\/v2\/posts"}],"about":[{"href":"https:\/\/www.studiogera.de\/001\/wp-json\/wp\/v2\/types\/post"}],"author":[{"embeddable":true,"href":"https:\/\/www.studiogera.de\/001\/wp-json\/wp\/v2\/users\/2"}],"replies":[{"embeddable":true,"href":"https:\/\/www.studiogera.de\/001\/wp-json\/wp\/v2\/comments?post=19965"}],"version-history":[{"count":3,"href":"https:\/\/www.studiogera.de\/001\/wp-json\/wp\/v2\/posts\/19965\/revisions"}],"predecessor-version":[{"id":19969,"href":"https:\/\/www.studiogera.de\/001\/wp-json\/wp\/v2\/posts\/19965\/revisions\/19969"}],"wp:featuredmedia":[{"embeddable":true,"href":"https:\/\/www.studiogera.de\/001\/wp-json\/wp\/v2\/media\/19966"}],"wp:attachment":[{"href":"https:\/\/www.studiogera.de\/001\/wp-json\/wp\/v2\/media?parent=19965"}],"wp:term":[{"taxonomy":"category","embeddable":true,"href":"https:\/\/www.studiogera.de\/001\/wp-json\/wp\/v2\/categories?post=19965"},{"taxonomy":"post_tag","embeddable":true,"href":"https:\/\/www.studiogera.de\/001\/wp-json\/wp\/v2\/tags?post=19965"}],"curies":[{"name":"wp","href":"https:\/\/api.w.org\/{rel}","templated":true}]}}