{"id":19970,"date":"2022-07-26T19:23:41","date_gmt":"2022-07-26T17:23:41","guid":{"rendered":"http:\/\/www.studiogera.de\/001\/?p=19970"},"modified":"2022-07-26T19:23:42","modified_gmt":"2022-07-26T17:23:42","slug":"jaehrliche-revision-im-hofwiesenbad-abgeschlossen","status":"publish","type":"post","link":"https:\/\/www.studiogera.de\/001\/2022\/07\/26\/jaehrliche-revision-im-hofwiesenbad-abgeschlossen\/","title":{"rendered":"J\u00c4HRLICHE REVISION IM HOFWIESENBAD ABGESCHLOSSEN"},"content":{"rendered":"\n<p>Nach Abschluss der j\u00e4hrlichen Revisionsarbeiten \u00f6ffnet das Hofwiesenbad ab dem 1. August wieder zu den gewohnten Zeiten. Innerhalb von drei Wochen konnten alle geplanten Arbeiten erfolgreich abgeschlossen werden: \u201eDas sind tausend Kleinigkeiten\u201c, erkl\u00e4rt Josephine Richter, Teamleiterin in der Elstertal-Infraprojekt GmbH, die das Bad im Auftrag der Stadt Gera betreibt, und f\u00e4hrt fort:<\/p>\n\n\n\n<blockquote class=\"wp-block-quote is-layout-flow wp-block-quote-is-layout-flow\"><p>\u201eVor dem Hintergrund des akuten Personalmangels geh\u00f6rte die Erstellung der neuen Dienstpl\u00e4ne und damit verbunden die Sicherstellung des regul\u00e4ren Badebetriebs f\u00fcr das kommende Betriebsjahr zu unseren prim\u00e4ren Aufgaben. Das geht nur, wenn alle an einem Strang ziehen.\u201c<\/p><\/blockquote>\n\n\n\n<p>Die \u00d6ffnungszeiten des Wellness- und Saunabereichs bleiben unver\u00e4ndert. Am Wochenende vom 5. bis 7. August 2022 finden im Hofwiesenbad die \u201eDeutschen Meisterschaften Masters\u201c statt. Aus diesem Grunde bleibt das Bad f\u00fcr den \u00f6ffentlichen Badebetrieb geschlossen.<\/p>\n\n\n\n<p>Aufgrund wachsender Beliebtheit des st\u00e4dtischen Naturbades in Kaimberg, das vor allem in den Nachmittagsstunden gut besucht wird, bleiben die bisherigen \u00d6ffnungszeiten von 12 Uhr bis 20 Uhr t\u00e4glich und je nach Wetterlage bestehen.<\/p>\n\n\n\n<p>QUELLE: STADTVERWALTUNG<\/p>\n","protected":false},"excerpt":{"rendered":"<div class=\"mh-excerpt\"><p>Nach Abschluss der j\u00e4hrlichen Revisionsarbeiten \u00f6ffnet das Hofwiesenbad ab dem 1. August wieder zu den gewohnten Zeiten. Innerhalb von drei Wochen konnten alle geplanten Arbeiten erfolgreich abgeschlossen werden: \u201eDas sind tausend Kleinigkeiten\u201c, erkl\u00e4rt Josephine Richter, <a class=\"mh-excerpt-more\" href=\"https:\/\/www.studiogera.de\/001\/2022\/07\/26\/jaehrliche-revision-im-hofwiesenbad-abgeschlossen\/\" title=\"J\u00c4HRLICHE REVISION IM HOFWIESENBAD ABGESCHLOSSEN\">[&#8230;]<\/a><\/p>\n<\/div>","protected":false},"author":2,"featured_media":19971,"comment_status":"open","ping_status":"open","sticky":false,"template":"","format":"standard","meta":{"footnotes":""},"categories":[3],"tags":[],"class_list":{"0":"post-19970","1":"post","2":"type-post","3":"status-publish","4":"format-standard","5":"has-post-thumbnail","7":"category-lokal"},"_links":{"self":[{"href":"https:\/\/www.studiogera.de\/001\/wp-json\/wp\/v2\/posts\/19970","targetHints":{"allow":["GET"]}}],"collection":[{"href":"https:\/\/www.studiogera.de\/001\/wp-json\/wp\/v2\/posts"}],"about":[{"href":"https:\/\/www.studiogera.de\/001\/wp-json\/wp\/v2\/types\/post"}],"author":[{"embeddable":true,"href":"https:\/\/www.studiogera.de\/001\/wp-json\/wp\/v2\/users\/2"}],"replies":[{"embeddable":true,"href":"https:\/\/www.studiogera.de\/001\/wp-json\/wp\/v2\/comments?post=19970"}],"version-history":[{"count":1,"href":"https:\/\/www.studiogera.de\/001\/wp-json\/wp\/v2\/posts\/19970\/revisions"}],"predecessor-version":[{"id":19972,"href":"https:\/\/www.studiogera.de\/001\/wp-json\/wp\/v2\/posts\/19970\/revisions\/19972"}],"wp:featuredmedia":[{"embeddable":true,"href":"https:\/\/www.studiogera.de\/001\/wp-json\/wp\/v2\/media\/19971"}],"wp:attachment":[{"href":"https:\/\/www.studiogera.de\/001\/wp-json\/wp\/v2\/media?parent=19970"}],"wp:term":[{"taxonomy":"category","embeddable":true,"href":"https:\/\/www.studiogera.de\/001\/wp-json\/wp\/v2\/categories?post=19970"},{"taxonomy":"post_tag","embeddable":true,"href":"https:\/\/www.studiogera.de\/001\/wp-json\/wp\/v2\/tags?post=19970"}],"curies":[{"name":"wp","href":"https:\/\/api.w.org\/{rel}","templated":true}]}}