{"id":19973,"date":"2022-07-26T20:43:40","date_gmt":"2022-07-26T18:43:40","guid":{"rendered":"http:\/\/www.studiogera.de\/001\/?p=19973"},"modified":"2022-07-26T20:43:42","modified_gmt":"2022-07-26T18:43:42","slug":"musical-sommer-2022-theaterleitung-zieht-positive-bilanz","status":"publish","type":"post","link":"https:\/\/www.studiogera.de\/001\/2022\/07\/26\/musical-sommer-2022-theaterleitung-zieht-positive-bilanz\/","title":{"rendered":"MUSICAL-SOMMER 2022 \u2014 THEATERLEITUNG ZIEHT POSITIVE BILANZ"},"content":{"rendered":"\n<p>Unter dem Motto \u201ePackende Musik, gro\u00dfe Emotionen und spannende Geschichten\u201c fand beginnend am 24. Juni 2022 der dreiw\u00f6chige Musical-Sommer in Altenburg, Gera und Lumpzig statt. Laut dem Kaufm\u00e4nnischen Gesch\u00e4ftsf\u00fchrer Volker Arnold konnte sich das Theater Altenburg Gera \u00fcber knapp 9000 Zuschauer in 27 Vorstellungen zum Spielzeitende freuen. Besuchermanget waren neben den Freiluftkonzerten mit Musical-Star Angelika Milster. Allein die beiden Vorstellungen auf dem Altenburger Marktplatz lockten \u00fcber 2100 G\u00e4ste an \u2014 das Mystery-Musical \u201eKrabat\u201c. Die acht Vorstellungen an der Bockwindm\u00fchle Lumpzig waren restlos ausverkauft, sodass kurzerhand eine Zusatzvorstellung angesetzt wurde. Insgesamt standen dem Publikum durch die erweiterte Zuschauertrib\u00fcne in diesem Jahr zirka die doppelten Sitzpl\u00e4tze zur Verf\u00fcgung.<\/p>\n\n\n\n<p>Mit zwei glamour\u00f6sen Er\u00f6ffnungsgalas in Altenburg und Gera meldet sich Th\u00fcringens einziges F\u00fcnf Sparten-Theater am 2. und 4. September aus der Spielzeitpause zur\u00fcck. Das Publikum kann sich schon jetzt auf einen unvergesslichen Abend freuen. Neben dem Philharmonische Orchester Altenburg Gera, pr\u00e4sentiert das Th\u00fcringer Staatsballett, der Opernchor, der Philharmonische Chor und zahlreiche Solistinnen und Solisten Ausschnitte aus bevorstehenden Premieren und Wiederaufnahmen. Mit dabei ist nat\u00fcrlich auch wieder das charmante Moderatoren-Duo bestehend aus Generalintendant Kay Kuntze und Schauspieldirektor Manuel Kressin.<\/p>\n\n\n\n<p>QUELLE: THEATER ALTENBURG GERA GGMBH<\/p>\n","protected":false},"excerpt":{"rendered":"<div class=\"mh-excerpt\"><p>Unter dem Motto \u201ePackende Musik, gro\u00dfe Emotionen und spannende Geschichten\u201c fand beginnend am 24. Juni 2022 der dreiw\u00f6chige Musical-Sommer in Altenburg, Gera und Lumpzig statt. Laut dem Kaufm\u00e4nnischen Gesch\u00e4ftsf\u00fchrer Volker Arnold konnte sich das Theater <a class=\"mh-excerpt-more\" href=\"https:\/\/www.studiogera.de\/001\/2022\/07\/26\/musical-sommer-2022-theaterleitung-zieht-positive-bilanz\/\" title=\"MUSICAL-SOMMER 2022 \u2014 THEATERLEITUNG ZIEHT POSITIVE BILANZ\">[&#8230;]<\/a><\/p>\n<\/div>","protected":false},"author":2,"featured_media":19974,"comment_status":"open","ping_status":"open","sticky":false,"template":"","format":"standard","meta":{"footnotes":""},"categories":[15],"tags":[],"class_list":{"0":"post-19973","1":"post","2":"type-post","3":"status-publish","4":"format-standard","5":"has-post-thumbnail","7":"category-theater"},"_links":{"self":[{"href":"https:\/\/www.studiogera.de\/001\/wp-json\/wp\/v2\/posts\/19973","targetHints":{"allow":["GET"]}}],"collection":[{"href":"https:\/\/www.studiogera.de\/001\/wp-json\/wp\/v2\/posts"}],"about":[{"href":"https:\/\/www.studiogera.de\/001\/wp-json\/wp\/v2\/types\/post"}],"author":[{"embeddable":true,"href":"https:\/\/www.studiogera.de\/001\/wp-json\/wp\/v2\/users\/2"}],"replies":[{"embeddable":true,"href":"https:\/\/www.studiogera.de\/001\/wp-json\/wp\/v2\/comments?post=19973"}],"version-history":[{"count":1,"href":"https:\/\/www.studiogera.de\/001\/wp-json\/wp\/v2\/posts\/19973\/revisions"}],"predecessor-version":[{"id":19975,"href":"https:\/\/www.studiogera.de\/001\/wp-json\/wp\/v2\/posts\/19973\/revisions\/19975"}],"wp:featuredmedia":[{"embeddable":true,"href":"https:\/\/www.studiogera.de\/001\/wp-json\/wp\/v2\/media\/19974"}],"wp:attachment":[{"href":"https:\/\/www.studiogera.de\/001\/wp-json\/wp\/v2\/media?parent=19973"}],"wp:term":[{"taxonomy":"category","embeddable":true,"href":"https:\/\/www.studiogera.de\/001\/wp-json\/wp\/v2\/categories?post=19973"},{"taxonomy":"post_tag","embeddable":true,"href":"https:\/\/www.studiogera.de\/001\/wp-json\/wp\/v2\/tags?post=19973"}],"curies":[{"name":"wp","href":"https:\/\/api.w.org\/{rel}","templated":true}]}}