{"id":20009,"date":"2022-07-30T11:08:50","date_gmt":"2022-07-30T09:08:50","guid":{"rendered":"http:\/\/www.studiogera.de\/001\/?p=20009"},"modified":"2022-07-30T11:08:52","modified_gmt":"2022-07-30T09:08:52","slug":"feuerwehr-zwischen-fuchsturm-und-gartenanlage-im-einsatz","status":"publish","type":"post","link":"https:\/\/www.studiogera.de\/001\/2022\/07\/30\/feuerwehr-zwischen-fuchsturm-und-gartenanlage-im-einsatz\/","title":{"rendered":"FEUERWEHR ZWISCHEN FUCHSTURM UND GARTENANLAGE IM EINSATZ"},"content":{"rendered":"\n<p>Die Freiwillige Feuerwehr Gera-Mitte berichtet \u00fcber folgenden Einsatz:<\/p>\n\n\n\n<p>Am 28. Juli wurde gegen 18 Uhr das Tankl\u00f6schfahrzeug, der ELW mit der Drohnengruppe der Feuerwehr Gera, gemeinsam mit den hauptamtlichen Kr\u00e4ften der Wache 2, den F\u00fchrungsdiensten, der FF Liebschwitz und der FF Aga mit dem F\u00fchrungskraftwagen zu einem Waldbrand in Richtung Fuchsturm alarmiert. Bei der Lageerkundung der ersteintreffenden Kr\u00e4fte konnte ein Lagerfeuer in einer angrenzenden Gartenanlage ausfindig gemacht werden. Es bestand kein Handlungsbedarf f\u00fcr die Feuerwehr. Alle eingesetzten Kr\u00e4fte konnten zur\u00fcck in ihre Wachen.<\/p>\n","protected":false},"excerpt":{"rendered":"<div class=\"mh-excerpt\"><p>Die Freiwillige Feuerwehr Gera-Mitte berichtet \u00fcber folgenden Einsatz: Am 28. Juli wurde gegen 18 Uhr das Tankl\u00f6schfahrzeug, der ELW mit der Drohnengruppe der Feuerwehr Gera, gemeinsam mit den hauptamtlichen Kr\u00e4ften der Wache 2, den F\u00fchrungsdiensten, <a class=\"mh-excerpt-more\" href=\"https:\/\/www.studiogera.de\/001\/2022\/07\/30\/feuerwehr-zwischen-fuchsturm-und-gartenanlage-im-einsatz\/\" title=\"FEUERWEHR ZWISCHEN FUCHSTURM UND GARTENANLAGE IM EINSATZ\">[&#8230;]<\/a><\/p>\n<\/div>","protected":false},"author":3,"featured_media":11738,"comment_status":"open","ping_status":"open","sticky":false,"template":"","format":"standard","meta":{"footnotes":""},"categories":[13],"tags":[],"class_list":{"0":"post-20009","1":"post","2":"type-post","3":"status-publish","4":"format-standard","5":"has-post-thumbnail","7":"category-polizeiberichte"},"_links":{"self":[{"href":"https:\/\/www.studiogera.de\/001\/wp-json\/wp\/v2\/posts\/20009","targetHints":{"allow":["GET"]}}],"collection":[{"href":"https:\/\/www.studiogera.de\/001\/wp-json\/wp\/v2\/posts"}],"about":[{"href":"https:\/\/www.studiogera.de\/001\/wp-json\/wp\/v2\/types\/post"}],"author":[{"embeddable":true,"href":"https:\/\/www.studiogera.de\/001\/wp-json\/wp\/v2\/users\/3"}],"replies":[{"embeddable":true,"href":"https:\/\/www.studiogera.de\/001\/wp-json\/wp\/v2\/comments?post=20009"}],"version-history":[{"count":1,"href":"https:\/\/www.studiogera.de\/001\/wp-json\/wp\/v2\/posts\/20009\/revisions"}],"predecessor-version":[{"id":20010,"href":"https:\/\/www.studiogera.de\/001\/wp-json\/wp\/v2\/posts\/20009\/revisions\/20010"}],"wp:featuredmedia":[{"embeddable":true,"href":"https:\/\/www.studiogera.de\/001\/wp-json\/wp\/v2\/media\/11738"}],"wp:attachment":[{"href":"https:\/\/www.studiogera.de\/001\/wp-json\/wp\/v2\/media?parent=20009"}],"wp:term":[{"taxonomy":"category","embeddable":true,"href":"https:\/\/www.studiogera.de\/001\/wp-json\/wp\/v2\/categories?post=20009"},{"taxonomy":"post_tag","embeddable":true,"href":"https:\/\/www.studiogera.de\/001\/wp-json\/wp\/v2\/tags?post=20009"}],"curies":[{"name":"wp","href":"https:\/\/api.w.org\/{rel}","templated":true}]}}