{"id":20033,"date":"2022-08-01T10:19:45","date_gmt":"2022-08-01T08:19:45","guid":{"rendered":"http:\/\/www.studiogera.de\/001\/?p=20033"},"modified":"2022-08-01T10:19:48","modified_gmt":"2022-08-01T08:19:48","slug":"vu-in-der-gagarinstrasse-2","status":"publish","type":"post","link":"https:\/\/www.studiogera.de\/001\/2022\/08\/01\/vu-in-der-gagarinstrasse-2\/","title":{"rendered":"VU IN DER GAGARINSTRASSE"},"content":{"rendered":"\n<p>Zu einem Verkehrsunfall mit zwei beteiligten Fahrzeugen kam es am 31. Juli gegen 18.40 Uhr an der Kreuzung Gagarinstra\u00dfe\/Franz-Petrich-Stra\u00dfe. Nach derzeitigen Erkenntnissen kollidierte der 20-j\u00e4hrige Fahrer eines VW an der besagten Kreuzung mit einem PKW Ford, Fahrer 60 Jahre alt, nachdem er dort das Stop-Schild und folglich die Vorfahrt des PKW Ford missachtet hatte. Der VW \u00fcberschlug sich in der Folge und kam auf der Seite zum Liegen. Ersthelfer kamen dem 20-j\u00e4hrigen Fahrer zur Hilfe, welcher schlie\u00dflich mit einem Rettungswagen leicht verletzt in ein Krankenhaus kam. An beiden Fahrzeug entstand nicht unerheblicher Sachschaden, wobei der VW abgeschleppt werden musste. Der Ford-Fahrer blieb unverletzt. Seitens der Geraer Polizei wurden die Ermittlungen zum Unfall aufgenommen.<\/p>\n","protected":false},"excerpt":{"rendered":"<div class=\"mh-excerpt\"><p>Zu einem Verkehrsunfall mit zwei beteiligten Fahrzeugen kam es am 31. Juli gegen 18.40 Uhr an der Kreuzung Gagarinstra\u00dfe\/Franz-Petrich-Stra\u00dfe. Nach derzeitigen Erkenntnissen kollidierte der 20-j\u00e4hrige Fahrer eines VW an der besagten Kreuzung mit einem PKW <a class=\"mh-excerpt-more\" href=\"https:\/\/www.studiogera.de\/001\/2022\/08\/01\/vu-in-der-gagarinstrasse-2\/\" title=\"VU IN DER GAGARINSTRASSE\">[&#8230;]<\/a><\/p>\n<\/div>","protected":false},"author":3,"featured_media":9356,"comment_status":"open","ping_status":"open","sticky":false,"template":"","format":"standard","meta":{"footnotes":""},"categories":[13],"tags":[],"class_list":{"0":"post-20033","1":"post","2":"type-post","3":"status-publish","4":"format-standard","5":"has-post-thumbnail","7":"category-polizeiberichte"},"_links":{"self":[{"href":"https:\/\/www.studiogera.de\/001\/wp-json\/wp\/v2\/posts\/20033","targetHints":{"allow":["GET"]}}],"collection":[{"href":"https:\/\/www.studiogera.de\/001\/wp-json\/wp\/v2\/posts"}],"about":[{"href":"https:\/\/www.studiogera.de\/001\/wp-json\/wp\/v2\/types\/post"}],"author":[{"embeddable":true,"href":"https:\/\/www.studiogera.de\/001\/wp-json\/wp\/v2\/users\/3"}],"replies":[{"embeddable":true,"href":"https:\/\/www.studiogera.de\/001\/wp-json\/wp\/v2\/comments?post=20033"}],"version-history":[{"count":1,"href":"https:\/\/www.studiogera.de\/001\/wp-json\/wp\/v2\/posts\/20033\/revisions"}],"predecessor-version":[{"id":20034,"href":"https:\/\/www.studiogera.de\/001\/wp-json\/wp\/v2\/posts\/20033\/revisions\/20034"}],"wp:featuredmedia":[{"embeddable":true,"href":"https:\/\/www.studiogera.de\/001\/wp-json\/wp\/v2\/media\/9356"}],"wp:attachment":[{"href":"https:\/\/www.studiogera.de\/001\/wp-json\/wp\/v2\/media?parent=20033"}],"wp:term":[{"taxonomy":"category","embeddable":true,"href":"https:\/\/www.studiogera.de\/001\/wp-json\/wp\/v2\/categories?post=20033"},{"taxonomy":"post_tag","embeddable":true,"href":"https:\/\/www.studiogera.de\/001\/wp-json\/wp\/v2\/tags?post=20033"}],"curies":[{"name":"wp","href":"https:\/\/api.w.org\/{rel}","templated":true}]}}