{"id":20037,"date":"2022-08-01T11:02:57","date_gmt":"2022-08-01T09:02:57","guid":{"rendered":"http:\/\/www.studiogera.de\/001\/?p=20037"},"modified":"2022-08-01T11:02:58","modified_gmt":"2022-08-01T09:02:58","slug":"staerkster-umsatzrueckgang-im-einzelhandel-seit-1994","status":"publish","type":"post","link":"https:\/\/www.studiogera.de\/001\/2022\/08\/01\/staerkster-umsatzrueckgang-im-einzelhandel-seit-1994\/","title":{"rendered":"ST\u00c4RKSTER UMSATZR\u00dcCKGANG IM EINZELHANDEL SEIT 1994"},"content":{"rendered":"\n<p>Bezogen auf den Vorjahresmonat verzeichnet der Einzelhandel in Deutschland im Juni 2022 den st\u00e4rksten Umsatzr\u00fcckgang seit 28 Jahren. Das meldet das Statistische Bundesamt. Inflationsbereinigt ging der Umsatz um 8,8 % zur\u00fcck, im Vergleich zum Juni 2021. Der Umsatz mit Lebensmitteln sank im gleichen Zeitraum um 7,2 %. Dieser R\u00fcckgang ist vermutlich vor allem den gestiegenen Preisen f\u00fcr Lebensmittel geschuldet, hei\u00dft es. Angegeben wird hier eine Preissteigerung um 11,9 % bezogen auf den Vorjahresmonat.<\/p>\n\n\n\n<p><a href=\"https:\/\/www.destatis.de\/DE\/Presse\/Pressemitteilungen\/2022\/08\/PD22_323_45212.html\">https:\/\/www.destatis.de\/DE\/Presse\/Pressemitteilungen\/2022\/08\/PD22_323_45212.html<\/a><\/p>\n\n\n\n<p>Umsatzr\u00fcckg\u00e4nge sind auch bei den Nicht-Lebensmitteln wie Textilien, Bekleidung, Schuhen und Lederwaren sowie dem Internet- und Versandhandel zu verzeichnen. Die Ums\u00e4tze der Tankstellen sind im Juni 2022 mit der Einf\u00fchrung des Tankrabatts um 6,4 % im Vergleich zum Vormonat angestiegen, liegen damit aber noch 8,0 % unter dem Niveau des Vorjahresmonats.<\/p>\n\n\n\n<p>Marktbeobachter gehen von weiteren Umsatzr\u00fcckg\u00e4ngen aus, da das Realeinkommen noch deutlich sinken werde. Das f\u00fchre zu einem Konsumverzicht. Der n\u00e4chste deutliche R\u00fcckgang werde nach Einf\u00fchrung der Gasumlage zu beobachten sein.<\/p>\n","protected":false},"excerpt":{"rendered":"<div class=\"mh-excerpt\"><p>Bezogen auf den Vorjahresmonat verzeichnet der Einzelhandel in Deutschland im Juni 2022 den st\u00e4rksten Umsatzr\u00fcckgang seit 28 Jahren. Das meldet das Statistische Bundesamt. Inflationsbereinigt ging der Umsatz um 8,8 % zur\u00fcck, im Vergleich zum Juni <a class=\"mh-excerpt-more\" href=\"https:\/\/www.studiogera.de\/001\/2022\/08\/01\/staerkster-umsatzrueckgang-im-einzelhandel-seit-1994\/\" title=\"ST\u00c4RKSTER UMSATZR\u00dcCKGANG IM EINZELHANDEL SEIT 1994\">[&#8230;]<\/a><\/p>\n<\/div>","protected":false},"author":2,"featured_media":7276,"comment_status":"open","ping_status":"open","sticky":false,"template":"","format":"standard","meta":{"footnotes":""},"categories":[4],"tags":[],"class_list":{"0":"post-20037","1":"post","2":"type-post","3":"status-publish","4":"format-standard","5":"has-post-thumbnail","7":"category-wirtschaft"},"_links":{"self":[{"href":"https:\/\/www.studiogera.de\/001\/wp-json\/wp\/v2\/posts\/20037","targetHints":{"allow":["GET"]}}],"collection":[{"href":"https:\/\/www.studiogera.de\/001\/wp-json\/wp\/v2\/posts"}],"about":[{"href":"https:\/\/www.studiogera.de\/001\/wp-json\/wp\/v2\/types\/post"}],"author":[{"embeddable":true,"href":"https:\/\/www.studiogera.de\/001\/wp-json\/wp\/v2\/users\/2"}],"replies":[{"embeddable":true,"href":"https:\/\/www.studiogera.de\/001\/wp-json\/wp\/v2\/comments?post=20037"}],"version-history":[{"count":1,"href":"https:\/\/www.studiogera.de\/001\/wp-json\/wp\/v2\/posts\/20037\/revisions"}],"predecessor-version":[{"id":20038,"href":"https:\/\/www.studiogera.de\/001\/wp-json\/wp\/v2\/posts\/20037\/revisions\/20038"}],"wp:featuredmedia":[{"embeddable":true,"href":"https:\/\/www.studiogera.de\/001\/wp-json\/wp\/v2\/media\/7276"}],"wp:attachment":[{"href":"https:\/\/www.studiogera.de\/001\/wp-json\/wp\/v2\/media?parent=20037"}],"wp:term":[{"taxonomy":"category","embeddable":true,"href":"https:\/\/www.studiogera.de\/001\/wp-json\/wp\/v2\/categories?post=20037"},{"taxonomy":"post_tag","embeddable":true,"href":"https:\/\/www.studiogera.de\/001\/wp-json\/wp\/v2\/tags?post=20037"}],"curies":[{"name":"wp","href":"https:\/\/api.w.org\/{rel}","templated":true}]}}