{"id":20053,"date":"2022-08-02T19:33:10","date_gmt":"2022-08-02T17:33:10","guid":{"rendered":"http:\/\/www.studiogera.de\/001\/?p=20053"},"modified":"2022-08-02T19:33:12","modified_gmt":"2022-08-02T17:33:12","slug":"sachbeschaedigung-in-der-meuselwitzer-strasse","status":"publish","type":"post","link":"https:\/\/www.studiogera.de\/001\/2022\/08\/02\/sachbeschaedigung-in-der-meuselwitzer-strasse\/","title":{"rendered":"SACHBESCH\u00c4DIGUNG IN DER MEUSELWITZER STRASSE"},"content":{"rendered":"\n<p>Die Geraer Polizei leitete die Ermittlungen zur Sachbesch\u00e4digung gegen einen 18-J\u00e4hrigen ein. Dieser hatte am 29. Juli 2022 gegen 23 Uhr zwei in der Meuselwitzer Stra\u00dfe abgestellte Fahrzeuge besch\u00e4digt. Im Rahmen der Ermittlungen konnte der 18-J\u00e4hrige identifiziert werden. Der Geraer Polizei wurde in diesem Zusammenhang bekannt, dass die Tat von einer bislang unbekannten Zeugin beobachtet worden war. Im Rahmen der Ermittlungen wird folglich die betreffende Zeugin gebeten, sich unter der Rufnummer 0365 8290 bei der hiesigen Dienststelle zu melden.\u00a0<\/p>\n","protected":false},"excerpt":{"rendered":"<div class=\"mh-excerpt\"><p>Die Geraer Polizei leitete die Ermittlungen zur Sachbesch\u00e4digung gegen einen 18-J\u00e4hrigen ein. Dieser hatte am 29. Juli 2022 gegen 23 Uhr zwei in der Meuselwitzer Stra\u00dfe abgestellte Fahrzeuge besch\u00e4digt. Im Rahmen der Ermittlungen konnte der <a class=\"mh-excerpt-more\" href=\"https:\/\/www.studiogera.de\/001\/2022\/08\/02\/sachbeschaedigung-in-der-meuselwitzer-strasse\/\" title=\"SACHBESCH\u00c4DIGUNG IN DER MEUSELWITZER STRASSE\">[&#8230;]<\/a><\/p>\n<\/div>","protected":false},"author":3,"featured_media":9350,"comment_status":"open","ping_status":"open","sticky":false,"template":"","format":"standard","meta":{"footnotes":""},"categories":[13],"tags":[],"class_list":{"0":"post-20053","1":"post","2":"type-post","3":"status-publish","4":"format-standard","5":"has-post-thumbnail","7":"category-polizeiberichte"},"_links":{"self":[{"href":"https:\/\/www.studiogera.de\/001\/wp-json\/wp\/v2\/posts\/20053","targetHints":{"allow":["GET"]}}],"collection":[{"href":"https:\/\/www.studiogera.de\/001\/wp-json\/wp\/v2\/posts"}],"about":[{"href":"https:\/\/www.studiogera.de\/001\/wp-json\/wp\/v2\/types\/post"}],"author":[{"embeddable":true,"href":"https:\/\/www.studiogera.de\/001\/wp-json\/wp\/v2\/users\/3"}],"replies":[{"embeddable":true,"href":"https:\/\/www.studiogera.de\/001\/wp-json\/wp\/v2\/comments?post=20053"}],"version-history":[{"count":1,"href":"https:\/\/www.studiogera.de\/001\/wp-json\/wp\/v2\/posts\/20053\/revisions"}],"predecessor-version":[{"id":20054,"href":"https:\/\/www.studiogera.de\/001\/wp-json\/wp\/v2\/posts\/20053\/revisions\/20054"}],"wp:featuredmedia":[{"embeddable":true,"href":"https:\/\/www.studiogera.de\/001\/wp-json\/wp\/v2\/media\/9350"}],"wp:attachment":[{"href":"https:\/\/www.studiogera.de\/001\/wp-json\/wp\/v2\/media?parent=20053"}],"wp:term":[{"taxonomy":"category","embeddable":true,"href":"https:\/\/www.studiogera.de\/001\/wp-json\/wp\/v2\/categories?post=20053"},{"taxonomy":"post_tag","embeddable":true,"href":"https:\/\/www.studiogera.de\/001\/wp-json\/wp\/v2\/tags?post=20053"}],"curies":[{"name":"wp","href":"https:\/\/api.w.org\/{rel}","templated":true}]}}