{"id":20075,"date":"2022-08-05T12:51:28","date_gmt":"2022-08-05T10:51:28","guid":{"rendered":"http:\/\/www.studiogera.de\/001\/?p=20075"},"modified":"2022-08-05T12:51:29","modified_gmt":"2022-08-05T10:51:29","slug":"verbaler-streit-endet-mit-einsatz-von-pfefferspray","status":"publish","type":"post","link":"https:\/\/www.studiogera.de\/001\/2022\/08\/05\/verbaler-streit-endet-mit-einsatz-von-pfefferspray\/","title":{"rendered":"VERBALER STREIT ENDET MIT EINSATZ VON PFEFFERSPRAY"},"content":{"rendered":"\n<p>Weil am 4. August ein Streit in der Kaimberger Stra\u00dfe eskalierte, kam gegen 11.55 Uhr die Polizei zum Einsatz. Vor Ort stellte sich heraus, dass es im Vorfeld zun\u00e4chst zu einer verbalen Streitigkeit zwischen zwei M\u00e4nnern, 36 bzw. 71 Jah4e alt, gekommen war. Im Verlauf des Streites setzte der 36-J\u00e4hrige Pfefferspray ein und verletzte seinen Kontrahenten damit leicht. Die Polizei ermittelt nun wegen des Verdachts der gef\u00e4hrlichen K\u00f6rperverletzung.<\/p>\n","protected":false},"excerpt":{"rendered":"<div class=\"mh-excerpt\"><p>Weil am 4. August ein Streit in der Kaimberger Stra\u00dfe eskalierte, kam gegen 11.55 Uhr die Polizei zum Einsatz. Vor Ort stellte sich heraus, dass es im Vorfeld zun\u00e4chst zu einer verbalen Streitigkeit zwischen zwei <a class=\"mh-excerpt-more\" href=\"https:\/\/www.studiogera.de\/001\/2022\/08\/05\/verbaler-streit-endet-mit-einsatz-von-pfefferspray\/\" title=\"VERBALER STREIT ENDET MIT EINSATZ VON PFEFFERSPRAY\">[&#8230;]<\/a><\/p>\n<\/div>","protected":false},"author":3,"featured_media":9353,"comment_status":"open","ping_status":"open","sticky":false,"template":"","format":"standard","meta":{"footnotes":""},"categories":[13],"tags":[],"class_list":{"0":"post-20075","1":"post","2":"type-post","3":"status-publish","4":"format-standard","5":"has-post-thumbnail","7":"category-polizeiberichte"},"_links":{"self":[{"href":"https:\/\/www.studiogera.de\/001\/wp-json\/wp\/v2\/posts\/20075","targetHints":{"allow":["GET"]}}],"collection":[{"href":"https:\/\/www.studiogera.de\/001\/wp-json\/wp\/v2\/posts"}],"about":[{"href":"https:\/\/www.studiogera.de\/001\/wp-json\/wp\/v2\/types\/post"}],"author":[{"embeddable":true,"href":"https:\/\/www.studiogera.de\/001\/wp-json\/wp\/v2\/users\/3"}],"replies":[{"embeddable":true,"href":"https:\/\/www.studiogera.de\/001\/wp-json\/wp\/v2\/comments?post=20075"}],"version-history":[{"count":1,"href":"https:\/\/www.studiogera.de\/001\/wp-json\/wp\/v2\/posts\/20075\/revisions"}],"predecessor-version":[{"id":20076,"href":"https:\/\/www.studiogera.de\/001\/wp-json\/wp\/v2\/posts\/20075\/revisions\/20076"}],"wp:featuredmedia":[{"embeddable":true,"href":"https:\/\/www.studiogera.de\/001\/wp-json\/wp\/v2\/media\/9353"}],"wp:attachment":[{"href":"https:\/\/www.studiogera.de\/001\/wp-json\/wp\/v2\/media?parent=20075"}],"wp:term":[{"taxonomy":"category","embeddable":true,"href":"https:\/\/www.studiogera.de\/001\/wp-json\/wp\/v2\/categories?post=20075"},{"taxonomy":"post_tag","embeddable":true,"href":"https:\/\/www.studiogera.de\/001\/wp-json\/wp\/v2\/tags?post=20075"}],"curies":[{"name":"wp","href":"https:\/\/api.w.org\/{rel}","templated":true}]}}