{"id":20077,"date":"2022-08-05T12:53:30","date_gmt":"2022-08-05T10:53:30","guid":{"rendered":"http:\/\/www.studiogera.de\/001\/?p=20077"},"modified":"2022-08-05T12:53:31","modified_gmt":"2022-08-05T10:53:31","slug":"kellereinbruch-in-der-kaimberger-strasse","status":"publish","type":"post","link":"https:\/\/www.studiogera.de\/001\/2022\/08\/05\/kellereinbruch-in-der-kaimberger-strasse\/","title":{"rendered":"KELLEREINBRUCH IN DER KAIMBERGER STRASSE"},"content":{"rendered":"\n<p>Am 4. August verschaffte sich ein bislang noch unbekannter T\u00e4ter in der Zeit zwischen 8 Uhr und 14.30 Uhr gewaltsam Zutritt zu zwei Abstellr\u00e4umen eines Wohnhauses in der Kaimberger Stra\u00dfe. Aus diesen entwendete er verschiedene Elektroger\u00e4te und Haushaltsmittel. Insgesamt entstand ein Beute- und Sachschaden in H\u00f6he von mehreren Hundert Euro. Die Polizei ermittelt zur Tat. Zeugenhinweise werden unter der Telefonnummer 0365 8290 angenommen.<\/p>\n","protected":false},"excerpt":{"rendered":"<div class=\"mh-excerpt\"><p>Am 4. August verschaffte sich ein bislang noch unbekannter T\u00e4ter in der Zeit zwischen 8 Uhr und 14.30 Uhr gewaltsam Zutritt zu zwei Abstellr\u00e4umen eines Wohnhauses in der Kaimberger Stra\u00dfe. Aus diesen entwendete er verschiedene <a class=\"mh-excerpt-more\" href=\"https:\/\/www.studiogera.de\/001\/2022\/08\/05\/kellereinbruch-in-der-kaimberger-strasse\/\" title=\"KELLEREINBRUCH IN DER KAIMBERGER STRASSE\">[&#8230;]<\/a><\/p>\n<\/div>","protected":false},"author":3,"featured_media":9356,"comment_status":"open","ping_status":"open","sticky":false,"template":"","format":"standard","meta":{"footnotes":""},"categories":[13],"tags":[],"class_list":{"0":"post-20077","1":"post","2":"type-post","3":"status-publish","4":"format-standard","5":"has-post-thumbnail","7":"category-polizeiberichte"},"_links":{"self":[{"href":"https:\/\/www.studiogera.de\/001\/wp-json\/wp\/v2\/posts\/20077","targetHints":{"allow":["GET"]}}],"collection":[{"href":"https:\/\/www.studiogera.de\/001\/wp-json\/wp\/v2\/posts"}],"about":[{"href":"https:\/\/www.studiogera.de\/001\/wp-json\/wp\/v2\/types\/post"}],"author":[{"embeddable":true,"href":"https:\/\/www.studiogera.de\/001\/wp-json\/wp\/v2\/users\/3"}],"replies":[{"embeddable":true,"href":"https:\/\/www.studiogera.de\/001\/wp-json\/wp\/v2\/comments?post=20077"}],"version-history":[{"count":1,"href":"https:\/\/www.studiogera.de\/001\/wp-json\/wp\/v2\/posts\/20077\/revisions"}],"predecessor-version":[{"id":20078,"href":"https:\/\/www.studiogera.de\/001\/wp-json\/wp\/v2\/posts\/20077\/revisions\/20078"}],"wp:featuredmedia":[{"embeddable":true,"href":"https:\/\/www.studiogera.de\/001\/wp-json\/wp\/v2\/media\/9356"}],"wp:attachment":[{"href":"https:\/\/www.studiogera.de\/001\/wp-json\/wp\/v2\/media?parent=20077"}],"wp:term":[{"taxonomy":"category","embeddable":true,"href":"https:\/\/www.studiogera.de\/001\/wp-json\/wp\/v2\/categories?post=20077"},{"taxonomy":"post_tag","embeddable":true,"href":"https:\/\/www.studiogera.de\/001\/wp-json\/wp\/v2\/tags?post=20077"}],"curies":[{"name":"wp","href":"https:\/\/api.w.org\/{rel}","templated":true}]}}