{"id":20085,"date":"2022-08-06T01:43:58","date_gmt":"2022-08-05T23:43:58","guid":{"rendered":"http:\/\/www.studiogera.de\/001\/?p=20085"},"modified":"2022-08-06T01:44:00","modified_gmt":"2022-08-05T23:44:00","slug":"aenderungen-und-einschraenkungen-auf-mehreren-eisenbahnlinien","status":"publish","type":"post","link":"https:\/\/www.studiogera.de\/001\/2022\/08\/06\/aenderungen-und-einschraenkungen-auf-mehreren-eisenbahnlinien\/","title":{"rendered":"\u00c4NDERUNGEN UND EINSCHR\u00c4NKUNGEN AUF MEHREREN EISENBAHNLINIEN"},"content":{"rendered":"\n<p>Bei der Deutschen Bahn AG kommt es am Samstag und Sonntag wegen vieler Arbeitsunf\u00e4higkeitsmeldungen zu \u00c4nderungen und Einschr\u00e4nkungen im Verkehr. Mehrere Stellwerke k\u00f6nnen zeitweise nicht besetzt werden. In Th\u00fcringen sind folgende Strecken betroffen:<\/p>\n\n\n\n<p>RE 2, Erfurt\u2014Kassel-Wilhelmsh\u00f6he<br>RE 55\/56, Erfurt\u2014Nordhausen<br>RB 52, Erfurt\u2014Leinefelde<br>RE 12\/RB 22, Leipzig\u2014Saalfeld<\/p>\n\n\n\n<p>In Ostth\u00fcringen ist die Strecke Leipzig\u2014Saalfeld betroffen, weil das Stellwerk Oppurg zeitweise unbesetzt ist. Dadurch kommt zu Versp\u00e4tung von bis zu 20 Minuten im Zeitraum von 20 Uhr bis 8 Uhr.<\/p>\n\n\n\n<p>Auf der Mitte-Deutschland-Strecke wurde Schienenersatzverkehr zwischen Erfurt und Weimar eingerichtet. Die Strecke ist seit dem 1. August und noch bis einschlie\u00dflich 14. August vollst\u00e4ndig gesperrt, weil zwischen Erfurt und Vieselbach die Gleise erneuert werden.<\/p>\n\n\n\n<p>Auch bei Abellio und der Erfurter Bahn AG kommt es wegen Personalausf\u00e4llen zu Einschr\u00e4nkungen oder \u00c4nderungen im Verkehrsangebot.<\/p>\n","protected":false},"excerpt":{"rendered":"<div class=\"mh-excerpt\"><p>Bei der Deutschen Bahn AG kommt es am Samstag und Sonntag wegen vieler Arbeitsunf\u00e4higkeitsmeldungen zu \u00c4nderungen und Einschr\u00e4nkungen im Verkehr. Mehrere Stellwerke k\u00f6nnen zeitweise nicht besetzt werden. In Th\u00fcringen sind folgende Strecken betroffen: RE 2, <a class=\"mh-excerpt-more\" href=\"https:\/\/www.studiogera.de\/001\/2022\/08\/06\/aenderungen-und-einschraenkungen-auf-mehreren-eisenbahnlinien\/\" title=\"\u00c4NDERUNGEN UND EINSCHR\u00c4NKUNGEN AUF MEHREREN EISENBAHNLINIEN\">[&#8230;]<\/a><\/p>\n<\/div>","protected":false},"author":3,"featured_media":10673,"comment_status":"open","ping_status":"open","sticky":false,"template":"","format":"standard","meta":{"footnotes":""},"categories":[16],"tags":[],"class_list":{"0":"post-20085","1":"post","2":"type-post","3":"status-publish","4":"format-standard","5":"has-post-thumbnail","7":"category-kurzmitteilungen"},"_links":{"self":[{"href":"https:\/\/www.studiogera.de\/001\/wp-json\/wp\/v2\/posts\/20085","targetHints":{"allow":["GET"]}}],"collection":[{"href":"https:\/\/www.studiogera.de\/001\/wp-json\/wp\/v2\/posts"}],"about":[{"href":"https:\/\/www.studiogera.de\/001\/wp-json\/wp\/v2\/types\/post"}],"author":[{"embeddable":true,"href":"https:\/\/www.studiogera.de\/001\/wp-json\/wp\/v2\/users\/3"}],"replies":[{"embeddable":true,"href":"https:\/\/www.studiogera.de\/001\/wp-json\/wp\/v2\/comments?post=20085"}],"version-history":[{"count":1,"href":"https:\/\/www.studiogera.de\/001\/wp-json\/wp\/v2\/posts\/20085\/revisions"}],"predecessor-version":[{"id":20086,"href":"https:\/\/www.studiogera.de\/001\/wp-json\/wp\/v2\/posts\/20085\/revisions\/20086"}],"wp:featuredmedia":[{"embeddable":true,"href":"https:\/\/www.studiogera.de\/001\/wp-json\/wp\/v2\/media\/10673"}],"wp:attachment":[{"href":"https:\/\/www.studiogera.de\/001\/wp-json\/wp\/v2\/media?parent=20085"}],"wp:term":[{"taxonomy":"category","embeddable":true,"href":"https:\/\/www.studiogera.de\/001\/wp-json\/wp\/v2\/categories?post=20085"},{"taxonomy":"post_tag","embeddable":true,"href":"https:\/\/www.studiogera.de\/001\/wp-json\/wp\/v2\/tags?post=20085"}],"curies":[{"name":"wp","href":"https:\/\/api.w.org\/{rel}","templated":true}]}}