{"id":20091,"date":"2022-08-07T23:23:03","date_gmt":"2022-08-07T21:23:03","guid":{"rendered":"http:\/\/www.studiogera.de\/001\/?p=20091"},"modified":"2022-08-07T23:23:05","modified_gmt":"2022-08-07T21:23:05","slug":"einsaetze-der-feuerwehr-8","status":"publish","type":"post","link":"https:\/\/www.studiogera.de\/001\/2022\/08\/07\/einsaetze-der-feuerwehr-8\/","title":{"rendered":"EINS\u00c4TZE DER FEUERWEHR"},"content":{"rendered":"\n<p>Die Freiwillige Feuerwehr Gera-Mitte berichtet \u00fcber folgende Eins\u00e4tze:<\/p>\n\n\n\n<p>Alarmiert wurden am 6. August um 15.05 Uhr das Tankl\u00f6schfahrzeug, der ELW mit der Drohnengruppe Gera, gemeinsam mit den hauptamtlichen Kr\u00e4ften der Wache 1, den F\u00fchrungsdiensten, sowie die FF Liebschwitz zu einem gemeldeten Vegetationsbrand nach Gro\u00dffalka. Gebrannt hatte die Wiese am Stra\u00dfengraben, mit einer L\u00e4nge von etwa 20 Metern. Die FF Liebschwitz konnte das Feuer z\u00fcgig l\u00f6schen. Aus diesem Grunde konnte die Freiwillige Feuerwehr Gera-Mitte den Einsatz auf Anfahrt abbrechen.<\/p>\n\n\n\n<p>Alarmiert wurden am 5. August um 6.13 Uhr das Hilfeleistungsl\u00f6schfahrzeug und das Tankl\u00f6schfahrzeug, gemeinsam mit den hauptamtlichen Kr\u00e4ften der Wache 1 und der FF Langenberg zu einem Verkehrsunfall auf der BAB 4 in der Auffahrt Gera-Kreuz. Hier kam es zu einem Verkehrsunfall mit auslaufenden Betriebsstoffen, diese wurden gebunden und aufgenommen.<\/p>\n","protected":false},"excerpt":{"rendered":"<div class=\"mh-excerpt\"><p>Die Freiwillige Feuerwehr Gera-Mitte berichtet \u00fcber folgende Eins\u00e4tze: Alarmiert wurden am 6. August um 15.05 Uhr das Tankl\u00f6schfahrzeug, der ELW mit der Drohnengruppe Gera, gemeinsam mit den hauptamtlichen Kr\u00e4ften der Wache 1, den F\u00fchrungsdiensten, sowie <a class=\"mh-excerpt-more\" href=\"https:\/\/www.studiogera.de\/001\/2022\/08\/07\/einsaetze-der-feuerwehr-8\/\" title=\"EINS\u00c4TZE DER FEUERWEHR\">[&#8230;]<\/a><\/p>\n<\/div>","protected":false},"author":3,"featured_media":11738,"comment_status":"open","ping_status":"open","sticky":false,"template":"","format":"standard","meta":{"footnotes":""},"categories":[13],"tags":[],"class_list":{"0":"post-20091","1":"post","2":"type-post","3":"status-publish","4":"format-standard","5":"has-post-thumbnail","7":"category-polizeiberichte"},"_links":{"self":[{"href":"https:\/\/www.studiogera.de\/001\/wp-json\/wp\/v2\/posts\/20091","targetHints":{"allow":["GET"]}}],"collection":[{"href":"https:\/\/www.studiogera.de\/001\/wp-json\/wp\/v2\/posts"}],"about":[{"href":"https:\/\/www.studiogera.de\/001\/wp-json\/wp\/v2\/types\/post"}],"author":[{"embeddable":true,"href":"https:\/\/www.studiogera.de\/001\/wp-json\/wp\/v2\/users\/3"}],"replies":[{"embeddable":true,"href":"https:\/\/www.studiogera.de\/001\/wp-json\/wp\/v2\/comments?post=20091"}],"version-history":[{"count":1,"href":"https:\/\/www.studiogera.de\/001\/wp-json\/wp\/v2\/posts\/20091\/revisions"}],"predecessor-version":[{"id":20092,"href":"https:\/\/www.studiogera.de\/001\/wp-json\/wp\/v2\/posts\/20091\/revisions\/20092"}],"wp:featuredmedia":[{"embeddable":true,"href":"https:\/\/www.studiogera.de\/001\/wp-json\/wp\/v2\/media\/11738"}],"wp:attachment":[{"href":"https:\/\/www.studiogera.de\/001\/wp-json\/wp\/v2\/media?parent=20091"}],"wp:term":[{"taxonomy":"category","embeddable":true,"href":"https:\/\/www.studiogera.de\/001\/wp-json\/wp\/v2\/categories?post=20091"},{"taxonomy":"post_tag","embeddable":true,"href":"https:\/\/www.studiogera.de\/001\/wp-json\/wp\/v2\/tags?post=20091"}],"curies":[{"name":"wp","href":"https:\/\/api.w.org\/{rel}","templated":true}]}}