{"id":20102,"date":"2022-08-09T21:58:31","date_gmt":"2022-08-09T19:58:31","guid":{"rendered":"http:\/\/www.studiogera.de\/001\/?p=20102"},"modified":"2022-08-09T21:58:32","modified_gmt":"2022-08-09T19:58:32","slug":"gesplitterte-schaufensterscheibe-am-museumsplatz","status":"publish","type":"post","link":"https:\/\/www.studiogera.de\/001\/2022\/08\/09\/gesplitterte-schaufensterscheibe-am-museumsplatz\/","title":{"rendered":"GESPLITTERTE SCHAUFENSTERSCHEIBE AM MUSEUMSPLATZ"},"content":{"rendered":"\n<p>Vermutlich war es ein E-Roller, welchen Unbekannte am vergangenen Wochenende, 6. bis 8. August, in der Hand hatten. Ob sie damit gefahren sind, ist unbekannt. Was jedoch wahrscheinlich ist, dass sie den Roller gegen die Schaufensterscheibe einer Drogerie am Museumsplatz schmissen, sodass diese splitterte. Anschlie\u00dfend entfernten sich die T\u00e4ter unerkannt. Am 8. August meldete schlie\u00dflich ein Zeuge die Sachbesch\u00e4digung der Geraer Polizei, welche folglich die Ermittlungen aufnahm. Zeugen, welche Hinweise zu den T\u00e4tern geben k\u00f6nnen, werden gebeten, sich unter der Rufnummer 0365 8290 bei der hiesigen Dienststelle zu melden.<\/p>\n","protected":false},"excerpt":{"rendered":"<div class=\"mh-excerpt\"><p>Vermutlich war es ein E-Roller, welchen Unbekannte am vergangenen Wochenende, 6. bis 8. August, in der Hand hatten. Ob sie damit gefahren sind, ist unbekannt. Was jedoch wahrscheinlich ist, dass sie den Roller gegen die <a class=\"mh-excerpt-more\" href=\"https:\/\/www.studiogera.de\/001\/2022\/08\/09\/gesplitterte-schaufensterscheibe-am-museumsplatz\/\" title=\"GESPLITTERTE SCHAUFENSTERSCHEIBE AM MUSEUMSPLATZ\">[&#8230;]<\/a><\/p>\n<\/div>","protected":false},"author":3,"featured_media":9353,"comment_status":"open","ping_status":"open","sticky":false,"template":"","format":"standard","meta":{"footnotes":""},"categories":[13],"tags":[],"class_list":{"0":"post-20102","1":"post","2":"type-post","3":"status-publish","4":"format-standard","5":"has-post-thumbnail","7":"category-polizeiberichte"},"_links":{"self":[{"href":"https:\/\/www.studiogera.de\/001\/wp-json\/wp\/v2\/posts\/20102","targetHints":{"allow":["GET"]}}],"collection":[{"href":"https:\/\/www.studiogera.de\/001\/wp-json\/wp\/v2\/posts"}],"about":[{"href":"https:\/\/www.studiogera.de\/001\/wp-json\/wp\/v2\/types\/post"}],"author":[{"embeddable":true,"href":"https:\/\/www.studiogera.de\/001\/wp-json\/wp\/v2\/users\/3"}],"replies":[{"embeddable":true,"href":"https:\/\/www.studiogera.de\/001\/wp-json\/wp\/v2\/comments?post=20102"}],"version-history":[{"count":1,"href":"https:\/\/www.studiogera.de\/001\/wp-json\/wp\/v2\/posts\/20102\/revisions"}],"predecessor-version":[{"id":20103,"href":"https:\/\/www.studiogera.de\/001\/wp-json\/wp\/v2\/posts\/20102\/revisions\/20103"}],"wp:featuredmedia":[{"embeddable":true,"href":"https:\/\/www.studiogera.de\/001\/wp-json\/wp\/v2\/media\/9353"}],"wp:attachment":[{"href":"https:\/\/www.studiogera.de\/001\/wp-json\/wp\/v2\/media?parent=20102"}],"wp:term":[{"taxonomy":"category","embeddable":true,"href":"https:\/\/www.studiogera.de\/001\/wp-json\/wp\/v2\/categories?post=20102"},{"taxonomy":"post_tag","embeddable":true,"href":"https:\/\/www.studiogera.de\/001\/wp-json\/wp\/v2\/tags?post=20102"}],"curies":[{"name":"wp","href":"https:\/\/api.w.org\/{rel}","templated":true}]}}