{"id":20108,"date":"2022-08-09T22:08:03","date_gmt":"2022-08-09T20:08:03","guid":{"rendered":"http:\/\/www.studiogera.de\/001\/?p=20108"},"modified":"2022-08-09T22:08:05","modified_gmt":"2022-08-09T20:08:05","slug":"unfall-in-der-altenburger-strasse","status":"publish","type":"post","link":"https:\/\/www.studiogera.de\/001\/2022\/08\/09\/unfall-in-der-altenburger-strasse\/","title":{"rendered":"UNFALL IN DER ALTENBURGER STRASSE"},"content":{"rendered":"\n<p>Im Zuge des Abbiegevorganges eines PKW BMW (Fahrerin 33 Jahre alt) an der Kreuzung Altenburger Stra\u00dfe\/Friedrichstra\u00dfe, kam es am 8. August gegen 19 Uhr zum Zusammensto\u00df mit einem 57-j\u00e4hrigen Simson-Fahrer. Durch die Kollision wurde dieser verletzt und kam mit einem Rettungswagen in ein Krankenhaus. Die Geraer Polizei hat die Ermittlungen zum Unfall aufgenommen.<\/p>\n","protected":false},"excerpt":{"rendered":"<div class=\"mh-excerpt\"><p>Im Zuge des Abbiegevorganges eines PKW BMW (Fahrerin 33 Jahre alt) an der Kreuzung Altenburger Stra\u00dfe\/Friedrichstra\u00dfe, kam es am 8. August gegen 19 Uhr zum Zusammensto\u00df mit einem 57-j\u00e4hrigen Simson-Fahrer. Durch die Kollision wurde dieser <a class=\"mh-excerpt-more\" href=\"https:\/\/www.studiogera.de\/001\/2022\/08\/09\/unfall-in-der-altenburger-strasse\/\" title=\"UNFALL IN DER ALTENBURGER STRASSE\">[&#8230;]<\/a><\/p>\n<\/div>","protected":false},"author":3,"featured_media":9353,"comment_status":"open","ping_status":"open","sticky":false,"template":"","format":"standard","meta":{"footnotes":""},"categories":[13],"tags":[],"class_list":{"0":"post-20108","1":"post","2":"type-post","3":"status-publish","4":"format-standard","5":"has-post-thumbnail","7":"category-polizeiberichte"},"_links":{"self":[{"href":"https:\/\/www.studiogera.de\/001\/wp-json\/wp\/v2\/posts\/20108","targetHints":{"allow":["GET"]}}],"collection":[{"href":"https:\/\/www.studiogera.de\/001\/wp-json\/wp\/v2\/posts"}],"about":[{"href":"https:\/\/www.studiogera.de\/001\/wp-json\/wp\/v2\/types\/post"}],"author":[{"embeddable":true,"href":"https:\/\/www.studiogera.de\/001\/wp-json\/wp\/v2\/users\/3"}],"replies":[{"embeddable":true,"href":"https:\/\/www.studiogera.de\/001\/wp-json\/wp\/v2\/comments?post=20108"}],"version-history":[{"count":1,"href":"https:\/\/www.studiogera.de\/001\/wp-json\/wp\/v2\/posts\/20108\/revisions"}],"predecessor-version":[{"id":20109,"href":"https:\/\/www.studiogera.de\/001\/wp-json\/wp\/v2\/posts\/20108\/revisions\/20109"}],"wp:featuredmedia":[{"embeddable":true,"href":"https:\/\/www.studiogera.de\/001\/wp-json\/wp\/v2\/media\/9353"}],"wp:attachment":[{"href":"https:\/\/www.studiogera.de\/001\/wp-json\/wp\/v2\/media?parent=20108"}],"wp:term":[{"taxonomy":"category","embeddable":true,"href":"https:\/\/www.studiogera.de\/001\/wp-json\/wp\/v2\/categories?post=20108"},{"taxonomy":"post_tag","embeddable":true,"href":"https:\/\/www.studiogera.de\/001\/wp-json\/wp\/v2\/tags?post=20108"}],"curies":[{"name":"wp","href":"https:\/\/api.w.org\/{rel}","templated":true}]}}