{"id":20112,"date":"2022-08-09T22:35:50","date_gmt":"2022-08-09T20:35:50","guid":{"rendered":"http:\/\/www.studiogera.de\/001\/?p=20112"},"modified":"2022-08-09T22:35:51","modified_gmt":"2022-08-09T20:35:51","slug":"motorikparcours-fuer-kinder-fertiggestellt","status":"publish","type":"post","link":"https:\/\/www.studiogera.de\/001\/2022\/08\/09\/motorikparcours-fuer-kinder-fertiggestellt\/","title":{"rendered":"MOTORIKPARCOURS F\u00dcR KINDER FERTIGGESTELLT"},"content":{"rendered":"\n<p>Ein besonderes Projekt wird am Donnerstag, den 11. August 2022,\u00a0seiner Bestimmung \u00fcbergeben: Nach f\u00fcnfw\u00f6chiger Bauzeit ist der gro\u00dfe Motorikparcours auf dem Spielplatz in der Stra\u00dfe des Bergmanns fertiggestellt. Er umfasst 14 Elemente, die f\u00fcr Kinder zwischen drei und zw\u00f6lf Jahren spannende Herausforderungen bieten. Beim Klettern und Hangeln k\u00f6nnen Geschicklichkeit und Balance trainiert werden. Insgesamt bietet der Parcours Platz f\u00fcr 28 Kinder, die gleichzeitig die Anlage nutzen k\u00f6nnen, ohne sich gegenseitig zu behindern. Zus\u00e4tzlich entstand auch ein neuer Rastplatzbereich mit B\u00e4nken und Tischen f\u00fcr Kleinkinder und Erwachsene. Ob Picknick, Kindergeburtstag oder eine kurze Kletterpause \u2013 die Nutzungsm\u00f6glichkeiten sind vielf\u00e4ltig.\u00a0<\/p>\n\n\n\n<p>F\u00fcr die gegenw\u00e4rtig im Einzugsbereich der Anlage lebenden 541 Kinder und Jugendlichen bietet die Spiel- und Freizeitanlage in der Stra\u00dfe des Bergmanns eine Vielzahl an weiteren Spielger\u00e4ten und Sportm\u00f6glichkeiten. Dazu geh\u00f6ren Bolzplatz, Tischtennisplatten, Schaukel, Turmrutsche im Sandbereich, Federwippger\u00e4te, Stehwippe, Trampolin und Schienenbahn. Das Angebot wird auch von der nahe gelegenen Kindertagesst\u00e4tte Schreberweg und der Bergschule genutzt.\u00a0\u00a0<\/p>\n\n\n\n<p>Die Auswahl des Parcours geht zur\u00fcck auf ein Beteiligungsverfahren aus dem Jahr 2016. Im ersten Bauabschnitt erhielt der Spielplatz zwar die gew\u00fcnschte Schienenbahn und ein Trampolin, doch der Parcours konnte noch nicht realisiert werden. Die Gesamtkosten von 22&#8217;000 Euro zur Errichtung des neuen Bereichs wurden mit F\u00f6rdermitteln der j\u00e4hrlichen Pauschale iSd \u00a721 Abs. (2) Pkt. 2 Th\u00fcrKitaG f\u00fcr kommunale \u00f6ffentliche Spielpl\u00e4tze entsprechend des Beschlusses des Jugendhilfeausschusses der Stadt Gera aus dem Jahr 2021 finanziert. Die Planung und der Einbau erfolgten durch die Mitarbeiter des Amtes f\u00fcr Stadtgr\u00fcn.<\/p>\n\n\n\n<p>QUELLE: STADTVERWALTUNG<\/p>\n","protected":false},"excerpt":{"rendered":"<div class=\"mh-excerpt\"><p>Ein besonderes Projekt wird am Donnerstag, den 11. August 2022,\u00a0seiner Bestimmung \u00fcbergeben: Nach f\u00fcnfw\u00f6chiger Bauzeit ist der gro\u00dfe Motorikparcours auf dem Spielplatz in der Stra\u00dfe des Bergmanns fertiggestellt. Er umfasst 14 Elemente, die f\u00fcr Kinder <a class=\"mh-excerpt-more\" href=\"https:\/\/www.studiogera.de\/001\/2022\/08\/09\/motorikparcours-fuer-kinder-fertiggestellt\/\" title=\"MOTORIKPARCOURS F\u00dcR KINDER FERTIGGESTELLT\">[&#8230;]<\/a><\/p>\n<\/div>","protected":false},"author":3,"featured_media":20114,"comment_status":"open","ping_status":"open","sticky":false,"template":"","format":"standard","meta":{"footnotes":""},"categories":[8],"tags":[],"class_list":{"0":"post-20112","1":"post","2":"type-post","3":"status-publish","4":"format-standard","5":"has-post-thumbnail","7":"category-kultur"},"_links":{"self":[{"href":"https:\/\/www.studiogera.de\/001\/wp-json\/wp\/v2\/posts\/20112","targetHints":{"allow":["GET"]}}],"collection":[{"href":"https:\/\/www.studiogera.de\/001\/wp-json\/wp\/v2\/posts"}],"about":[{"href":"https:\/\/www.studiogera.de\/001\/wp-json\/wp\/v2\/types\/post"}],"author":[{"embeddable":true,"href":"https:\/\/www.studiogera.de\/001\/wp-json\/wp\/v2\/users\/3"}],"replies":[{"embeddable":true,"href":"https:\/\/www.studiogera.de\/001\/wp-json\/wp\/v2\/comments?post=20112"}],"version-history":[{"count":1,"href":"https:\/\/www.studiogera.de\/001\/wp-json\/wp\/v2\/posts\/20112\/revisions"}],"predecessor-version":[{"id":20113,"href":"https:\/\/www.studiogera.de\/001\/wp-json\/wp\/v2\/posts\/20112\/revisions\/20113"}],"wp:featuredmedia":[{"embeddable":true,"href":"https:\/\/www.studiogera.de\/001\/wp-json\/wp\/v2\/media\/20114"}],"wp:attachment":[{"href":"https:\/\/www.studiogera.de\/001\/wp-json\/wp\/v2\/media?parent=20112"}],"wp:term":[{"taxonomy":"category","embeddable":true,"href":"https:\/\/www.studiogera.de\/001\/wp-json\/wp\/v2\/categories?post=20112"},{"taxonomy":"post_tag","embeddable":true,"href":"https:\/\/www.studiogera.de\/001\/wp-json\/wp\/v2\/tags?post=20112"}],"curies":[{"name":"wp","href":"https:\/\/api.w.org\/{rel}","templated":true}]}}