{"id":20120,"date":"2022-08-10T20:01:54","date_gmt":"2022-08-10T18:01:54","guid":{"rendered":"http:\/\/www.studiogera.de\/001\/?p=20120"},"modified":"2022-08-10T20:01:56","modified_gmt":"2022-08-10T18:01:56","slug":"pkw-reifen-in-der-freitagstrasse-zerstochen","status":"publish","type":"post","link":"https:\/\/www.studiogera.de\/001\/2022\/08\/10\/pkw-reifen-in-der-freitagstrasse-zerstochen\/","title":{"rendered":"PKW-REIFEN IN DER FREITAGSTRASSE ZERSTOCHEN"},"content":{"rendered":"\n<p>Offenbar mit einem spitzen Gegenstand besch\u00e4digte ein bislang unbekannter T\u00e4ter die beiden linken Reifen eines PKW VW und fl\u00fcchtete danach unerkannt. Im Tatzeitraum vom 8. zum 9. August begab sich schlie\u00dflich der Sachbesch\u00e4diger zu dem in der Freitagstra\u00dfe geparkten Fahrzeug und stach auf die Reifen ein. Die Geraer Polizei hat die Ermittlungen aufgenommen und sucht nun nach Zeugen.<\/p>\n","protected":false},"excerpt":{"rendered":"<div class=\"mh-excerpt\"><p>Offenbar mit einem spitzen Gegenstand besch\u00e4digte ein bislang unbekannter T\u00e4ter die beiden linken Reifen eines PKW VW und fl\u00fcchtete danach unerkannt. Im Tatzeitraum vom 8. zum 9. August begab sich schlie\u00dflich der Sachbesch\u00e4diger zu dem <a class=\"mh-excerpt-more\" href=\"https:\/\/www.studiogera.de\/001\/2022\/08\/10\/pkw-reifen-in-der-freitagstrasse-zerstochen\/\" title=\"PKW-REIFEN IN DER FREITAGSTRASSE ZERSTOCHEN\">[&#8230;]<\/a><\/p>\n<\/div>","protected":false},"author":2,"featured_media":9350,"comment_status":"open","ping_status":"open","sticky":false,"template":"","format":"standard","meta":{"footnotes":""},"categories":[13],"tags":[],"class_list":{"0":"post-20120","1":"post","2":"type-post","3":"status-publish","4":"format-standard","5":"has-post-thumbnail","7":"category-polizeiberichte"},"_links":{"self":[{"href":"https:\/\/www.studiogera.de\/001\/wp-json\/wp\/v2\/posts\/20120","targetHints":{"allow":["GET"]}}],"collection":[{"href":"https:\/\/www.studiogera.de\/001\/wp-json\/wp\/v2\/posts"}],"about":[{"href":"https:\/\/www.studiogera.de\/001\/wp-json\/wp\/v2\/types\/post"}],"author":[{"embeddable":true,"href":"https:\/\/www.studiogera.de\/001\/wp-json\/wp\/v2\/users\/2"}],"replies":[{"embeddable":true,"href":"https:\/\/www.studiogera.de\/001\/wp-json\/wp\/v2\/comments?post=20120"}],"version-history":[{"count":1,"href":"https:\/\/www.studiogera.de\/001\/wp-json\/wp\/v2\/posts\/20120\/revisions"}],"predecessor-version":[{"id":20121,"href":"https:\/\/www.studiogera.de\/001\/wp-json\/wp\/v2\/posts\/20120\/revisions\/20121"}],"wp:featuredmedia":[{"embeddable":true,"href":"https:\/\/www.studiogera.de\/001\/wp-json\/wp\/v2\/media\/9350"}],"wp:attachment":[{"href":"https:\/\/www.studiogera.de\/001\/wp-json\/wp\/v2\/media?parent=20120"}],"wp:term":[{"taxonomy":"category","embeddable":true,"href":"https:\/\/www.studiogera.de\/001\/wp-json\/wp\/v2\/categories?post=20120"},{"taxonomy":"post_tag","embeddable":true,"href":"https:\/\/www.studiogera.de\/001\/wp-json\/wp\/v2\/tags?post=20120"}],"curies":[{"name":"wp","href":"https:\/\/api.w.org\/{rel}","templated":true}]}}