{"id":20162,"date":"2022-08-12T22:16:51","date_gmt":"2022-08-12T20:16:51","guid":{"rendered":"http:\/\/www.studiogera.de\/001\/?p=20162"},"modified":"2022-08-12T22:16:52","modified_gmt":"2022-08-12T20:16:52","slug":"manga-ausstellung-zum-thema-mensch-und-maschine","status":"publish","type":"post","link":"https:\/\/www.studiogera.de\/001\/2022\/08\/12\/manga-ausstellung-zum-thema-mensch-und-maschine\/","title":{"rendered":"MANGA-AUSSTELLUNG ZUM THEMA MENSCH UND MASCHINE"},"content":{"rendered":"\n<p>Die Stadt- und Regionalbibliothek Gera pr\u00e4sentiert ab sofort eine Auswahl der eingereichten Arbeiten zum diesj\u00e4hrigen Manga-Zeichenwettbewerb, der unter dem Motto \u201eMensch und Maschine\u201c stand. In der Ausstellung sind insgesamt 39 Arbeiten zu sehen.<\/p>\n\n\n\n<p>Eine f\u00fcnfk\u00f6pfige Jury, bestehend aus der Kunsterzieherin Gabriele Fischer, dem Grafiker Ralf Danndorf, Alexander Neugebauer vom Verein Virtuosen und Schmierfinken e. V., J\u00fcrgen Steiner von Farben Kessler und der Bibliotheksmitarbeiterin Jenny-Alexandra Hauptmann, wird nun in drei Altersgruppen die besten Arbeiten ermitteln. Zudem haben die Besuchenden die M\u00f6glichkeit, ihren Favoriten f\u00fcr den Publikumspreis auszuw\u00e4hlen. Die \u00f6ffentliche Bekanntgabe der Sieger, verbunden mit der \u00dcbergabe der Preise, erfolgt am 14. September 2022 um 17 Uhr in der Bibliothek.<\/p>\n\n\n\n<p>Die Ausstellung ist bis zum 24. September zu den \u00d6ffnungszeiten der Bibliothek zu sehen: montags 14 Uhr bis 19 Uhr, dienstags bis freitags 10 Uhr bis 19 Uhr, und samstags von 10 Uhr bis 13 Uhr.<\/p>\n\n\n\n<p>Die Bibliothek hatte alle Manga-Fans im Alter ab zehn Jahren aufgerufen, ihre Fantasy-Figur im Manga-Stil zu kreieren. Die k\u00fcnstlerischen Mittel waren frei w\u00e4hlbar. Vorgegeben war lediglich das Format A 4. Die Altersspanne der Teilnehmer lag zwischen zehn und 22 Jahren. Der Gro\u00dfteil war jedoch zwischen 13 und 15 Jahre alt. Der Manga-Zeichenwettbewerb fand bereits zum dritten Mal statt.<\/p>\n\n\n\n<p>QUELLE: STADTVERWALTUNG<\/p>\n","protected":false},"excerpt":{"rendered":"<div class=\"mh-excerpt\"><p>Die Stadt- und Regionalbibliothek Gera pr\u00e4sentiert ab sofort eine Auswahl der eingereichten Arbeiten zum diesj\u00e4hrigen Manga-Zeichenwettbewerb, der unter dem Motto \u201eMensch und Maschine\u201c stand. In der Ausstellung sind insgesamt 39 Arbeiten zu sehen. Eine f\u00fcnfk\u00f6pfige <a class=\"mh-excerpt-more\" href=\"https:\/\/www.studiogera.de\/001\/2022\/08\/12\/manga-ausstellung-zum-thema-mensch-und-maschine\/\" title=\"MANGA-AUSSTELLUNG ZUM THEMA MENSCH UND MASCHINE\">[&#8230;]<\/a><\/p>\n<\/div>","protected":false},"author":2,"featured_media":20163,"comment_status":"open","ping_status":"open","sticky":false,"template":"","format":"standard","meta":{"footnotes":""},"categories":[8],"tags":[],"class_list":{"0":"post-20162","1":"post","2":"type-post","3":"status-publish","4":"format-standard","5":"has-post-thumbnail","7":"category-kultur"},"_links":{"self":[{"href":"https:\/\/www.studiogera.de\/001\/wp-json\/wp\/v2\/posts\/20162","targetHints":{"allow":["GET"]}}],"collection":[{"href":"https:\/\/www.studiogera.de\/001\/wp-json\/wp\/v2\/posts"}],"about":[{"href":"https:\/\/www.studiogera.de\/001\/wp-json\/wp\/v2\/types\/post"}],"author":[{"embeddable":true,"href":"https:\/\/www.studiogera.de\/001\/wp-json\/wp\/v2\/users\/2"}],"replies":[{"embeddable":true,"href":"https:\/\/www.studiogera.de\/001\/wp-json\/wp\/v2\/comments?post=20162"}],"version-history":[{"count":1,"href":"https:\/\/www.studiogera.de\/001\/wp-json\/wp\/v2\/posts\/20162\/revisions"}],"predecessor-version":[{"id":20164,"href":"https:\/\/www.studiogera.de\/001\/wp-json\/wp\/v2\/posts\/20162\/revisions\/20164"}],"wp:featuredmedia":[{"embeddable":true,"href":"https:\/\/www.studiogera.de\/001\/wp-json\/wp\/v2\/media\/20163"}],"wp:attachment":[{"href":"https:\/\/www.studiogera.de\/001\/wp-json\/wp\/v2\/media?parent=20162"}],"wp:term":[{"taxonomy":"category","embeddable":true,"href":"https:\/\/www.studiogera.de\/001\/wp-json\/wp\/v2\/categories?post=20162"},{"taxonomy":"post_tag","embeddable":true,"href":"https:\/\/www.studiogera.de\/001\/wp-json\/wp\/v2\/tags?post=20162"}],"curies":[{"name":"wp","href":"https:\/\/api.w.org\/{rel}","templated":true}]}}