{"id":20165,"date":"2022-08-13T22:01:00","date_gmt":"2022-08-13T20:01:00","guid":{"rendered":"http:\/\/www.studiogera.de\/001\/?p=20165"},"modified":"2022-08-12T22:25:49","modified_gmt":"2022-08-12T20:25:49","slug":"oeffentliche-besucherfuehrung-in-der-orangerie","status":"publish","type":"post","link":"https:\/\/www.studiogera.de\/001\/2022\/08\/13\/oeffentliche-besucherfuehrung-in-der-orangerie\/","title":{"rendered":"\u00d6FFENTLICHE BESUCHERF\u00dcHRUNG IN DER ORANGERIE"},"content":{"rendered":"\n<p>Die Kunstsammlung Gera l\u00e4dt am Sonntag, 14. August 2022, um 15 Uhr zu einer \u00f6ffentlichen Besucherf\u00fchrung in die Sonderausstellung \u201eMedium Zeichnung\u201c in die Orangerie ein. Die Kunstsammlung Gera und der Kunstverein Gera e. V. pr\u00e4sentieren in den R\u00e4umen des S\u00fcdfl\u00fcgels der Orangerie und am Markt 8\/9 zur gleichen Zeit eine Gemeinschaftsausstellung unter dem Titel \u201eMedium Zeichnung. Zeitgen\u00f6ssische Positionen zur Zeichenkunst\u201c. Das Ausstellungsprojekt ist in Zusammenarbeit beider Einrichtungen entstanden und vereint insgesamt 32 K\u00fcnstlerinnen und K\u00fcnstler. Im Unterschied zur Malerei wurde die Funktion der Zeichnung lange auf das Skizzieren und Konstruieren von Ideen sowie Entw\u00fcrfen beschr\u00e4nkt. Sie war als Arbeitsmittel zur Vorbereitung unentbehrlich. In den Rang einer gleichwertigen Gattung neben Malerei, Architektur und Bildhauerei kam sie erst viele Jahrhunderte nach ihrer Entstehung. Heute hat sie sich ihren Platz als eigenst\u00e4ndiges Stilmittel erobert. W\u00e4hrend der F\u00fchrung werden zeitgen\u00f6ssische Positionen von K\u00fcnstlerinnen und K\u00fcnstlern die sich vorrangig mit der Kunst der Zeichnung auseinandersetzen.<\/p>\n\n\n\n<p>Die Kunstsammlung Gera befindet sich in der Orangerie und ist unter der Rufnummer 0365 8384250 sowie \u00fcber \u201ekunstsammlung@gera.de\u201c erreichbar. Der Kunstverein am Markt 8\/9 hat donnerstags bis samstags in der Zeit von 15 Uhr bis 18 Uhr und nach Vereinbarung ge\u00f6ffnet. Er ist erreichbar unter der Rufnummer 0160 4935544 sowie \u00fcber \u201einfo@kunstverein-gera.de\u201c.<\/p>\n\n\n\n<p>QUELLE: STADTVERWALTUNG<\/p>\n","protected":false},"excerpt":{"rendered":"<div class=\"mh-excerpt\"><p>Die Kunstsammlung Gera l\u00e4dt am Sonntag, 14. August 2022, um 15 Uhr zu einer \u00f6ffentlichen Besucherf\u00fchrung in die Sonderausstellung \u201eMedium Zeichnung\u201c in die Orangerie ein. Die Kunstsammlung Gera und der Kunstverein Gera e. V. pr\u00e4sentieren <a class=\"mh-excerpt-more\" href=\"https:\/\/www.studiogera.de\/001\/2022\/08\/13\/oeffentliche-besucherfuehrung-in-der-orangerie\/\" title=\"\u00d6FFENTLICHE BESUCHERF\u00dcHRUNG IN DER ORANGERIE\">[&#8230;]<\/a><\/p>\n<\/div>","protected":false},"author":2,"featured_media":1630,"comment_status":"open","ping_status":"open","sticky":false,"template":"","format":"standard","meta":{"footnotes":""},"categories":[16],"tags":[],"class_list":{"0":"post-20165","1":"post","2":"type-post","3":"status-publish","4":"format-standard","5":"has-post-thumbnail","7":"category-kurzmitteilungen"},"_links":{"self":[{"href":"https:\/\/www.studiogera.de\/001\/wp-json\/wp\/v2\/posts\/20165","targetHints":{"allow":["GET"]}}],"collection":[{"href":"https:\/\/www.studiogera.de\/001\/wp-json\/wp\/v2\/posts"}],"about":[{"href":"https:\/\/www.studiogera.de\/001\/wp-json\/wp\/v2\/types\/post"}],"author":[{"embeddable":true,"href":"https:\/\/www.studiogera.de\/001\/wp-json\/wp\/v2\/users\/2"}],"replies":[{"embeddable":true,"href":"https:\/\/www.studiogera.de\/001\/wp-json\/wp\/v2\/comments?post=20165"}],"version-history":[{"count":1,"href":"https:\/\/www.studiogera.de\/001\/wp-json\/wp\/v2\/posts\/20165\/revisions"}],"predecessor-version":[{"id":20166,"href":"https:\/\/www.studiogera.de\/001\/wp-json\/wp\/v2\/posts\/20165\/revisions\/20166"}],"wp:featuredmedia":[{"embeddable":true,"href":"https:\/\/www.studiogera.de\/001\/wp-json\/wp\/v2\/media\/1630"}],"wp:attachment":[{"href":"https:\/\/www.studiogera.de\/001\/wp-json\/wp\/v2\/media?parent=20165"}],"wp:term":[{"taxonomy":"category","embeddable":true,"href":"https:\/\/www.studiogera.de\/001\/wp-json\/wp\/v2\/categories?post=20165"},{"taxonomy":"post_tag","embeddable":true,"href":"https:\/\/www.studiogera.de\/001\/wp-json\/wp\/v2\/tags?post=20165"}],"curies":[{"name":"wp","href":"https:\/\/api.w.org\/{rel}","templated":true}]}}