{"id":20167,"date":"2022-08-14T23:03:19","date_gmt":"2022-08-14T21:03:19","guid":{"rendered":"http:\/\/www.studiogera.de\/001\/?p=20167"},"modified":"2022-08-14T23:03:20","modified_gmt":"2022-08-14T21:03:20","slug":"schwer-verletztz-motorradfahrer-in-bad-koestritz","status":"publish","type":"post","link":"https:\/\/www.studiogera.de\/001\/2022\/08\/14\/schwer-verletztz-motorradfahrer-in-bad-koestritz\/","title":{"rendered":"SCHWER VERLETZTZ MOTORRADFAHRER IN BAD K\u00d6STRITZ"},"content":{"rendered":"\n<p>Am Samstag ereignete sich ein folgenschwerer Verkehrsunfall am Abzweig L 3007 und der Werner-Sylten-Stra\u00dfe in Bad K\u00f6stritz. Eine 54-j\u00e4hrige Autofahrerin \u00fcbersah beim Abbiegen auf die Landstra\u00dfe einen in Richtung Gera fahrenden 42-j\u00e4hrigen Motorradfahrer. Dieser kollidiert mit seinem Motorrad frontal mit dem PKW und wurde \u00fcber die Motorhaube geschleudert. Hierbei wurde er schwer verletzt und musste in das Geraer Klinikum eingeliefert werden. F\u00fcr die Dauer der Unfallaufnahme musste die L 3007 halbseitig gesperrt werden. Beide Fahrzeuge waren nicht mehr fahrt\u00fcchtig.<\/p>\n","protected":false},"excerpt":{"rendered":"<div class=\"mh-excerpt\"><p>Am Samstag ereignete sich ein folgenschwerer Verkehrsunfall am Abzweig L 3007 und der Werner-Sylten-Stra\u00dfe in Bad K\u00f6stritz. Eine 54-j\u00e4hrige Autofahrerin \u00fcbersah beim Abbiegen auf die Landstra\u00dfe einen in Richtung Gera fahrenden 42-j\u00e4hrigen Motorradfahrer. Dieser kollidiert <a class=\"mh-excerpt-more\" href=\"https:\/\/www.studiogera.de\/001\/2022\/08\/14\/schwer-verletztz-motorradfahrer-in-bad-koestritz\/\" title=\"SCHWER VERLETZTZ MOTORRADFAHRER IN BAD K\u00d6STRITZ\">[&#8230;]<\/a><\/p>\n<\/div>","protected":false},"author":3,"featured_media":9353,"comment_status":"open","ping_status":"open","sticky":false,"template":"","format":"standard","meta":{"footnotes":""},"categories":[13],"tags":[],"class_list":{"0":"post-20167","1":"post","2":"type-post","3":"status-publish","4":"format-standard","5":"has-post-thumbnail","7":"category-polizeiberichte"},"_links":{"self":[{"href":"https:\/\/www.studiogera.de\/001\/wp-json\/wp\/v2\/posts\/20167","targetHints":{"allow":["GET"]}}],"collection":[{"href":"https:\/\/www.studiogera.de\/001\/wp-json\/wp\/v2\/posts"}],"about":[{"href":"https:\/\/www.studiogera.de\/001\/wp-json\/wp\/v2\/types\/post"}],"author":[{"embeddable":true,"href":"https:\/\/www.studiogera.de\/001\/wp-json\/wp\/v2\/users\/3"}],"replies":[{"embeddable":true,"href":"https:\/\/www.studiogera.de\/001\/wp-json\/wp\/v2\/comments?post=20167"}],"version-history":[{"count":1,"href":"https:\/\/www.studiogera.de\/001\/wp-json\/wp\/v2\/posts\/20167\/revisions"}],"predecessor-version":[{"id":20168,"href":"https:\/\/www.studiogera.de\/001\/wp-json\/wp\/v2\/posts\/20167\/revisions\/20168"}],"wp:featuredmedia":[{"embeddable":true,"href":"https:\/\/www.studiogera.de\/001\/wp-json\/wp\/v2\/media\/9353"}],"wp:attachment":[{"href":"https:\/\/www.studiogera.de\/001\/wp-json\/wp\/v2\/media?parent=20167"}],"wp:term":[{"taxonomy":"category","embeddable":true,"href":"https:\/\/www.studiogera.de\/001\/wp-json\/wp\/v2\/categories?post=20167"},{"taxonomy":"post_tag","embeddable":true,"href":"https:\/\/www.studiogera.de\/001\/wp-json\/wp\/v2\/tags?post=20167"}],"curies":[{"name":"wp","href":"https:\/\/api.w.org\/{rel}","templated":true}]}}