{"id":20169,"date":"2022-08-14T23:09:21","date_gmt":"2022-08-14T21:09:21","guid":{"rendered":"http:\/\/www.studiogera.de\/001\/?p=20169"},"modified":"2022-08-14T23:09:22","modified_gmt":"2022-08-14T21:09:22","slug":"illegales-autorennen-in-bieblach-ost","status":"publish","type":"post","link":"https:\/\/www.studiogera.de\/001\/2022\/08\/14\/illegales-autorennen-in-bieblach-ost\/","title":{"rendered":"ILLEGALES AUTORENNEN IN BIEBLACH OST"},"content":{"rendered":"\n<p>Am Samstagabend lieferten sich zwei Br\u00fcder und ein Freund ein illegales Autorennen im Bereich der Hilde-Coppi-Stra\u00dfe. Hierbei fuhren sie mit \u00fcberh\u00f6hter Geschwindigkeit mit einem PKW Mercedes und VW in Richtung der Rosch\u00fctzer Stra\u00dfe. Die Beteiligten konnten im Nachgang durch die Polizeikr\u00e4fte im Gewerbegebiet gestellt werden. Der beteiligten PKW Mercedes war nicht zugelassen und ein Fahrzeugf\u00fchrer war nicht im Besitz einer g\u00fcltigen Fahrerlaubnis. Au\u00dferdem wurde einer der drei Raser mit Haftbefehl gesucht. Es wurden unter anderem Strafverfahren wegen Fahren ohne Fahrerlaubnis und Durchf\u00fchren eines verbotenen Autorennens eingeleitet.<\/p>\n","protected":false},"excerpt":{"rendered":"<div class=\"mh-excerpt\"><p>Am Samstagabend lieferten sich zwei Br\u00fcder und ein Freund ein illegales Autorennen im Bereich der Hilde-Coppi-Stra\u00dfe. Hierbei fuhren sie mit \u00fcberh\u00f6hter Geschwindigkeit mit einem PKW Mercedes und VW in Richtung der Rosch\u00fctzer Stra\u00dfe. Die Beteiligten <a class=\"mh-excerpt-more\" href=\"https:\/\/www.studiogera.de\/001\/2022\/08\/14\/illegales-autorennen-in-bieblach-ost\/\" title=\"ILLEGALES AUTORENNEN IN BIEBLACH OST\">[&#8230;]<\/a><\/p>\n<\/div>","protected":false},"author":3,"featured_media":9356,"comment_status":"open","ping_status":"open","sticky":false,"template":"","format":"standard","meta":{"footnotes":""},"categories":[13],"tags":[],"class_list":{"0":"post-20169","1":"post","2":"type-post","3":"status-publish","4":"format-standard","5":"has-post-thumbnail","7":"category-polizeiberichte"},"_links":{"self":[{"href":"https:\/\/www.studiogera.de\/001\/wp-json\/wp\/v2\/posts\/20169","targetHints":{"allow":["GET"]}}],"collection":[{"href":"https:\/\/www.studiogera.de\/001\/wp-json\/wp\/v2\/posts"}],"about":[{"href":"https:\/\/www.studiogera.de\/001\/wp-json\/wp\/v2\/types\/post"}],"author":[{"embeddable":true,"href":"https:\/\/www.studiogera.de\/001\/wp-json\/wp\/v2\/users\/3"}],"replies":[{"embeddable":true,"href":"https:\/\/www.studiogera.de\/001\/wp-json\/wp\/v2\/comments?post=20169"}],"version-history":[{"count":1,"href":"https:\/\/www.studiogera.de\/001\/wp-json\/wp\/v2\/posts\/20169\/revisions"}],"predecessor-version":[{"id":20170,"href":"https:\/\/www.studiogera.de\/001\/wp-json\/wp\/v2\/posts\/20169\/revisions\/20170"}],"wp:featuredmedia":[{"embeddable":true,"href":"https:\/\/www.studiogera.de\/001\/wp-json\/wp\/v2\/media\/9356"}],"wp:attachment":[{"href":"https:\/\/www.studiogera.de\/001\/wp-json\/wp\/v2\/media?parent=20169"}],"wp:term":[{"taxonomy":"category","embeddable":true,"href":"https:\/\/www.studiogera.de\/001\/wp-json\/wp\/v2\/categories?post=20169"},{"taxonomy":"post_tag","embeddable":true,"href":"https:\/\/www.studiogera.de\/001\/wp-json\/wp\/v2\/tags?post=20169"}],"curies":[{"name":"wp","href":"https:\/\/api.w.org\/{rel}","templated":true}]}}