{"id":20192,"date":"2022-08-15T21:29:38","date_gmt":"2022-08-15T19:29:38","guid":{"rendered":"http:\/\/www.studiogera.de\/001\/?p=20192"},"modified":"2022-08-15T21:29:40","modified_gmt":"2022-08-15T19:29:40","slug":"mann-nach-angriff-in-der-reichsstrasse-leicht-verletzt","status":"publish","type":"post","link":"https:\/\/www.studiogera.de\/001\/2022\/08\/15\/mann-nach-angriff-in-der-reichsstrasse-leicht-verletzt\/","title":{"rendered":"MANN NACH ANGRIFF IN DER REICHSSTRASSE LEICHT VERLETZT"},"content":{"rendered":"\n<p>Am Freitag, den 12. August, kamen Beamte der Polizei sowie der Rettungsdienst aufgrund einer gemeldeten k\u00f6rperlichen Auseinandersetzung gegen 19.55 Uhr in der Reichsstra\u00dfe zum Einsatz. Vor Ort konnte schlie\u00dflich der Gesch\u00e4digte der Tat, ein 32-j\u00e4hriger Mann, angetroffen werden. Seinen Aussagen zufolge war er zuvor von zwei unbekannten M\u00e4nnern attackiert worden. Trotz sofortiger Fahndung gelang es nicht, die T\u00e4ter zu stellen. Der Gesch\u00e4digte wurde zur medizinischen Behandlung in ein Krankenhaus gebracht. Die Polizei hat ein entsprechendes Ermittlungsverfahren eingeleitet. Sachdienliche Zeugenhinweise werden unter der Telefonnummer 0365 8290 entgegengenommen.<\/p>\n","protected":false},"excerpt":{"rendered":"<div class=\"mh-excerpt\"><p>Am Freitag, den 12. August, kamen Beamte der Polizei sowie der Rettungsdienst aufgrund einer gemeldeten k\u00f6rperlichen Auseinandersetzung gegen 19.55 Uhr in der Reichsstra\u00dfe zum Einsatz. Vor Ort konnte schlie\u00dflich der Gesch\u00e4digte der Tat, ein 32-j\u00e4hriger <a class=\"mh-excerpt-more\" href=\"https:\/\/www.studiogera.de\/001\/2022\/08\/15\/mann-nach-angriff-in-der-reichsstrasse-leicht-verletzt\/\" title=\"MANN NACH ANGRIFF IN DER REICHSSTRASSE LEICHT VERLETZT\">[&#8230;]<\/a><\/p>\n<\/div>","protected":false},"author":2,"featured_media":9356,"comment_status":"open","ping_status":"open","sticky":false,"template":"","format":"standard","meta":{"footnotes":""},"categories":[13],"tags":[],"class_list":{"0":"post-20192","1":"post","2":"type-post","3":"status-publish","4":"format-standard","5":"has-post-thumbnail","7":"category-polizeiberichte"},"_links":{"self":[{"href":"https:\/\/www.studiogera.de\/001\/wp-json\/wp\/v2\/posts\/20192","targetHints":{"allow":["GET"]}}],"collection":[{"href":"https:\/\/www.studiogera.de\/001\/wp-json\/wp\/v2\/posts"}],"about":[{"href":"https:\/\/www.studiogera.de\/001\/wp-json\/wp\/v2\/types\/post"}],"author":[{"embeddable":true,"href":"https:\/\/www.studiogera.de\/001\/wp-json\/wp\/v2\/users\/2"}],"replies":[{"embeddable":true,"href":"https:\/\/www.studiogera.de\/001\/wp-json\/wp\/v2\/comments?post=20192"}],"version-history":[{"count":1,"href":"https:\/\/www.studiogera.de\/001\/wp-json\/wp\/v2\/posts\/20192\/revisions"}],"predecessor-version":[{"id":20193,"href":"https:\/\/www.studiogera.de\/001\/wp-json\/wp\/v2\/posts\/20192\/revisions\/20193"}],"wp:featuredmedia":[{"embeddable":true,"href":"https:\/\/www.studiogera.de\/001\/wp-json\/wp\/v2\/media\/9356"}],"wp:attachment":[{"href":"https:\/\/www.studiogera.de\/001\/wp-json\/wp\/v2\/media?parent=20192"}],"wp:term":[{"taxonomy":"category","embeddable":true,"href":"https:\/\/www.studiogera.de\/001\/wp-json\/wp\/v2\/categories?post=20192"},{"taxonomy":"post_tag","embeddable":true,"href":"https:\/\/www.studiogera.de\/001\/wp-json\/wp\/v2\/tags?post=20192"}],"curies":[{"name":"wp","href":"https:\/\/api.w.org\/{rel}","templated":true}]}}