{"id":20200,"date":"2022-08-15T21:40:40","date_gmt":"2022-08-15T19:40:40","guid":{"rendered":"http:\/\/www.studiogera.de\/001\/?p=20200"},"modified":"2022-08-15T21:40:42","modified_gmt":"2022-08-15T19:40:42","slug":"waldbrand-zwischen-keplerstrasse-und-bundesstrasse-2","status":"publish","type":"post","link":"https:\/\/www.studiogera.de\/001\/2022\/08\/15\/waldbrand-zwischen-keplerstrasse-und-bundesstrasse-2\/","title":{"rendered":"WALDBRAND ZWISCHEN KEPLERSTRASSE UND BUNDESSTRASSE 2"},"content":{"rendered":"\n<p>Ein Fl\u00e4chenbrand in einem Waldst\u00fcck zwischen der Bundesstra\u00dfe 2 und der Keplerstra\u00dfe rief am 14. August gegen 17.40 Uhr Feuerwehr und Polizei auf den Plan. Nachdem der Brandort mit einer Ausdehnung von mehr als 800 Quadratmetern lokalisiert werden konnte, begannen die Kameraden der Feuerwehr unverz\u00fcglich mit der Bek\u00e4mpfung des Feuers, wobei dies bis in die sp\u00e4ten Abendstunden andauerte. Verletzt wurde gl\u00fccklicherweise niemand. Die Ermittlungen zur Brandursache wurden aufgenommen.<\/p>\n","protected":false},"excerpt":{"rendered":"<div class=\"mh-excerpt\"><p>Ein Fl\u00e4chenbrand in einem Waldst\u00fcck zwischen der Bundesstra\u00dfe 2 und der Keplerstra\u00dfe rief am 14. August gegen 17.40 Uhr Feuerwehr und Polizei auf den Plan. Nachdem der Brandort mit einer Ausdehnung von mehr als 800 <a class=\"mh-excerpt-more\" href=\"https:\/\/www.studiogera.de\/001\/2022\/08\/15\/waldbrand-zwischen-keplerstrasse-und-bundesstrasse-2\/\" title=\"WALDBRAND ZWISCHEN KEPLERSTRASSE UND BUNDESSTRASSE 2\">[&#8230;]<\/a><\/p>\n<\/div>","protected":false},"author":2,"featured_media":11738,"comment_status":"open","ping_status":"open","sticky":false,"template":"","format":"standard","meta":{"footnotes":""},"categories":[13],"tags":[],"class_list":{"0":"post-20200","1":"post","2":"type-post","3":"status-publish","4":"format-standard","5":"has-post-thumbnail","7":"category-polizeiberichte"},"_links":{"self":[{"href":"https:\/\/www.studiogera.de\/001\/wp-json\/wp\/v2\/posts\/20200","targetHints":{"allow":["GET"]}}],"collection":[{"href":"https:\/\/www.studiogera.de\/001\/wp-json\/wp\/v2\/posts"}],"about":[{"href":"https:\/\/www.studiogera.de\/001\/wp-json\/wp\/v2\/types\/post"}],"author":[{"embeddable":true,"href":"https:\/\/www.studiogera.de\/001\/wp-json\/wp\/v2\/users\/2"}],"replies":[{"embeddable":true,"href":"https:\/\/www.studiogera.de\/001\/wp-json\/wp\/v2\/comments?post=20200"}],"version-history":[{"count":1,"href":"https:\/\/www.studiogera.de\/001\/wp-json\/wp\/v2\/posts\/20200\/revisions"}],"predecessor-version":[{"id":20201,"href":"https:\/\/www.studiogera.de\/001\/wp-json\/wp\/v2\/posts\/20200\/revisions\/20201"}],"wp:featuredmedia":[{"embeddable":true,"href":"https:\/\/www.studiogera.de\/001\/wp-json\/wp\/v2\/media\/11738"}],"wp:attachment":[{"href":"https:\/\/www.studiogera.de\/001\/wp-json\/wp\/v2\/media?parent=20200"}],"wp:term":[{"taxonomy":"category","embeddable":true,"href":"https:\/\/www.studiogera.de\/001\/wp-json\/wp\/v2\/categories?post=20200"},{"taxonomy":"post_tag","embeddable":true,"href":"https:\/\/www.studiogera.de\/001\/wp-json\/wp\/v2\/tags?post=20200"}],"curies":[{"name":"wp","href":"https:\/\/api.w.org\/{rel}","templated":true}]}}