{"id":20208,"date":"2022-08-16T22:55:50","date_gmt":"2022-08-16T20:55:50","guid":{"rendered":"http:\/\/www.studiogera.de\/001\/?p=20208"},"modified":"2022-08-16T22:55:52","modified_gmt":"2022-08-16T20:55:52","slug":"kellereinbruch-in-der-karl-matthes-strasse","status":"publish","type":"post","link":"https:\/\/www.studiogera.de\/001\/2022\/08\/16\/kellereinbruch-in-der-karl-matthes-strasse\/","title":{"rendered":"KELLEREINBRUCH IN DER KARL-MATTHES-STRASSE"},"content":{"rendered":"\n<p>In der Zeit zwischen dem 14. August, 15 Uhr, und 15. August, 7 Uhr, verschaffte sich ein bislang noch unbekannter T\u00e4ter gewaltsam Zugang zu einer Kellerbox eines Mehrfamilienhauses in der Karl-Matthes-Stra\u00dfe. Aus dieser entwendete er zwei Fahrr\u00e4der. Anschlie\u00dfend gelang ihm unerkannt die Flucht. Insgesamt entstand ein Beute- und Sachschaden im vierstelligen Bereich. Seitens der Polizei wurde ein entsprechendes Ermittlungsverfahren eingeleitet. Zeugenhinweise werden unter der Telefonnummer 0365 8290 angenommen.<\/p>\n","protected":false},"excerpt":{"rendered":"<div class=\"mh-excerpt\"><p>In der Zeit zwischen dem 14. August, 15 Uhr, und 15. August, 7 Uhr, verschaffte sich ein bislang noch unbekannter T\u00e4ter gewaltsam Zugang zu einer Kellerbox eines Mehrfamilienhauses in der Karl-Matthes-Stra\u00dfe. Aus dieser entwendete er <a class=\"mh-excerpt-more\" href=\"https:\/\/www.studiogera.de\/001\/2022\/08\/16\/kellereinbruch-in-der-karl-matthes-strasse\/\" title=\"KELLEREINBRUCH IN DER KARL-MATTHES-STRASSE\">[&#8230;]<\/a><\/p>\n<\/div>","protected":false},"author":3,"featured_media":9353,"comment_status":"open","ping_status":"open","sticky":false,"template":"","format":"standard","meta":{"footnotes":""},"categories":[13],"tags":[],"class_list":{"0":"post-20208","1":"post","2":"type-post","3":"status-publish","4":"format-standard","5":"has-post-thumbnail","7":"category-polizeiberichte"},"_links":{"self":[{"href":"https:\/\/www.studiogera.de\/001\/wp-json\/wp\/v2\/posts\/20208","targetHints":{"allow":["GET"]}}],"collection":[{"href":"https:\/\/www.studiogera.de\/001\/wp-json\/wp\/v2\/posts"}],"about":[{"href":"https:\/\/www.studiogera.de\/001\/wp-json\/wp\/v2\/types\/post"}],"author":[{"embeddable":true,"href":"https:\/\/www.studiogera.de\/001\/wp-json\/wp\/v2\/users\/3"}],"replies":[{"embeddable":true,"href":"https:\/\/www.studiogera.de\/001\/wp-json\/wp\/v2\/comments?post=20208"}],"version-history":[{"count":1,"href":"https:\/\/www.studiogera.de\/001\/wp-json\/wp\/v2\/posts\/20208\/revisions"}],"predecessor-version":[{"id":20209,"href":"https:\/\/www.studiogera.de\/001\/wp-json\/wp\/v2\/posts\/20208\/revisions\/20209"}],"wp:featuredmedia":[{"embeddable":true,"href":"https:\/\/www.studiogera.de\/001\/wp-json\/wp\/v2\/media\/9353"}],"wp:attachment":[{"href":"https:\/\/www.studiogera.de\/001\/wp-json\/wp\/v2\/media?parent=20208"}],"wp:term":[{"taxonomy":"category","embeddable":true,"href":"https:\/\/www.studiogera.de\/001\/wp-json\/wp\/v2\/categories?post=20208"},{"taxonomy":"post_tag","embeddable":true,"href":"https:\/\/www.studiogera.de\/001\/wp-json\/wp\/v2\/tags?post=20208"}],"curies":[{"name":"wp","href":"https:\/\/api.w.org\/{rel}","templated":true}]}}