{"id":20210,"date":"2022-08-16T22:58:56","date_gmt":"2022-08-16T20:58:56","guid":{"rendered":"http:\/\/www.studiogera.de\/001\/?p=20210"},"modified":"2022-08-16T22:58:58","modified_gmt":"2022-08-16T20:58:58","slug":"polizei-zieht-berauschte-fahrerin-eines-e-rollers-aus-dem-verkehr","status":"publish","type":"post","link":"https:\/\/www.studiogera.de\/001\/2022\/08\/16\/polizei-zieht-berauschte-fahrerin-eines-e-rollers-aus-dem-verkehr\/","title":{"rendered":"POLIZEI ZIEHT BERAUSCHTE FAHRERIN EINES E-ROLLERS AUS DEM VERKEHR"},"content":{"rendered":"\n<p>Seit dem 15. August muss eine 38-j\u00e4hrige Frau aus Gera mit einer Anzeige wegen des Fahrens unter berauschenden Mitteln rechnen. Beamte der Polizei stellten die Frau gegen 23.45 Uhr auf einem E-Scooter fahrend in der Stra\u00dfe Gr\u00fcner Weg fest. Nachdem ein Drogenvortest positiv reagiert hatte, wurde eine Blutentnahme durchgef\u00fchrt und die Weiterfahrt untersagt.<\/p>\n","protected":false},"excerpt":{"rendered":"<div class=\"mh-excerpt\"><p>Seit dem 15. August muss eine 38-j\u00e4hrige Frau aus Gera mit einer Anzeige wegen des Fahrens unter berauschenden Mitteln rechnen. Beamte der Polizei stellten die Frau gegen 23.45 Uhr auf einem E-Scooter fahrend in der <a class=\"mh-excerpt-more\" href=\"https:\/\/www.studiogera.de\/001\/2022\/08\/16\/polizei-zieht-berauschte-fahrerin-eines-e-rollers-aus-dem-verkehr\/\" title=\"POLIZEI ZIEHT BERAUSCHTE FAHRERIN EINES E-ROLLERS AUS DEM VERKEHR\">[&#8230;]<\/a><\/p>\n<\/div>","protected":false},"author":3,"featured_media":9357,"comment_status":"open","ping_status":"open","sticky":false,"template":"","format":"standard","meta":{"footnotes":""},"categories":[13],"tags":[],"class_list":{"0":"post-20210","1":"post","2":"type-post","3":"status-publish","4":"format-standard","5":"has-post-thumbnail","7":"category-polizeiberichte"},"_links":{"self":[{"href":"https:\/\/www.studiogera.de\/001\/wp-json\/wp\/v2\/posts\/20210","targetHints":{"allow":["GET"]}}],"collection":[{"href":"https:\/\/www.studiogera.de\/001\/wp-json\/wp\/v2\/posts"}],"about":[{"href":"https:\/\/www.studiogera.de\/001\/wp-json\/wp\/v2\/types\/post"}],"author":[{"embeddable":true,"href":"https:\/\/www.studiogera.de\/001\/wp-json\/wp\/v2\/users\/3"}],"replies":[{"embeddable":true,"href":"https:\/\/www.studiogera.de\/001\/wp-json\/wp\/v2\/comments?post=20210"}],"version-history":[{"count":1,"href":"https:\/\/www.studiogera.de\/001\/wp-json\/wp\/v2\/posts\/20210\/revisions"}],"predecessor-version":[{"id":20211,"href":"https:\/\/www.studiogera.de\/001\/wp-json\/wp\/v2\/posts\/20210\/revisions\/20211"}],"wp:featuredmedia":[{"embeddable":true,"href":"https:\/\/www.studiogera.de\/001\/wp-json\/wp\/v2\/media\/9357"}],"wp:attachment":[{"href":"https:\/\/www.studiogera.de\/001\/wp-json\/wp\/v2\/media?parent=20210"}],"wp:term":[{"taxonomy":"category","embeddable":true,"href":"https:\/\/www.studiogera.de\/001\/wp-json\/wp\/v2\/categories?post=20210"},{"taxonomy":"post_tag","embeddable":true,"href":"https:\/\/www.studiogera.de\/001\/wp-json\/wp\/v2\/tags?post=20210"}],"curies":[{"name":"wp","href":"https:\/\/api.w.org\/{rel}","templated":true}]}}