{"id":20215,"date":"2022-08-16T23:21:59","date_gmt":"2022-08-16T21:21:59","guid":{"rendered":"http:\/\/www.studiogera.de\/001\/?p=20215"},"modified":"2022-08-16T23:22:01","modified_gmt":"2022-08-16T21:22:01","slug":"bevorstehende-veranstaltungen-in-gera","status":"publish","type":"post","link":"https:\/\/www.studiogera.de\/001\/2022\/08\/16\/bevorstehende-veranstaltungen-in-gera\/","title":{"rendered":"BEVORSTEHENDE VERANSTALTUNGEN IN GERA"},"content":{"rendered":"\n<p>Zum Tag des offenen Denkmals am 11. September 2022 macht die Stadt Gera 800 Jahre Bau- und Architekturgeschichte erlebbar.<\/p>\n\n\n\n<p>Am Samstag, den 10. September, und am Sonntag, 11. September 2022, findet das traditionelle Tierpark- und Dahlienfest statt.<\/p>\n\n\n\n<p>Am 28. August beginnt die n\u00e4chste Aktion Stadtradeln. Die Anmeldung f\u00fcr 2022 ist bis zum Ende der Aktion am 17. September jederzeit \u00fcber die gleichnamige Applikation oder unter &#8222;www.stadtradeln.de\/gera&#8220; m\u00f6glich.<\/p>\n\n\n\n<p>Der vierte Geraer Bauhaustag am 28. August beginnnt um 9 Uhr mit dem besonderen Klang des Carillon vom Rathausturm. Dem Gottesdienst ab 9.15 Uhr folgt die offizielle Er\u00f6ffnung um zehn Uhr mit vielen Ehreng\u00e4sten. Bis 17 Uhr stehen den Besuchern alle H\u00e4user offen. Die Abfahrtszeiten der Busse und die Stationen finden Sie in den Brosch\u00fcren, die \u00fcberall in der Stadt ausliegen.<\/p>\n","protected":false},"excerpt":{"rendered":"<div class=\"mh-excerpt\"><p>Zum Tag des offenen Denkmals am 11. September 2022 macht die Stadt Gera 800 Jahre Bau- und Architekturgeschichte erlebbar. Am Samstag, den 10. September, und am Sonntag, 11. September 2022, findet das traditionelle Tierpark- und <a class=\"mh-excerpt-more\" href=\"https:\/\/www.studiogera.de\/001\/2022\/08\/16\/bevorstehende-veranstaltungen-in-gera\/\" title=\"BEVORSTEHENDE VERANSTALTUNGEN IN GERA\">[&#8230;]<\/a><\/p>\n<\/div>","protected":false},"author":3,"featured_media":6809,"comment_status":"open","ping_status":"open","sticky":false,"template":"","format":"standard","meta":{"footnotes":""},"categories":[16],"tags":[],"class_list":{"0":"post-20215","1":"post","2":"type-post","3":"status-publish","4":"format-standard","5":"has-post-thumbnail","7":"category-kurzmitteilungen"},"_links":{"self":[{"href":"https:\/\/www.studiogera.de\/001\/wp-json\/wp\/v2\/posts\/20215","targetHints":{"allow":["GET"]}}],"collection":[{"href":"https:\/\/www.studiogera.de\/001\/wp-json\/wp\/v2\/posts"}],"about":[{"href":"https:\/\/www.studiogera.de\/001\/wp-json\/wp\/v2\/types\/post"}],"author":[{"embeddable":true,"href":"https:\/\/www.studiogera.de\/001\/wp-json\/wp\/v2\/users\/3"}],"replies":[{"embeddable":true,"href":"https:\/\/www.studiogera.de\/001\/wp-json\/wp\/v2\/comments?post=20215"}],"version-history":[{"count":1,"href":"https:\/\/www.studiogera.de\/001\/wp-json\/wp\/v2\/posts\/20215\/revisions"}],"predecessor-version":[{"id":20216,"href":"https:\/\/www.studiogera.de\/001\/wp-json\/wp\/v2\/posts\/20215\/revisions\/20216"}],"wp:featuredmedia":[{"embeddable":true,"href":"https:\/\/www.studiogera.de\/001\/wp-json\/wp\/v2\/media\/6809"}],"wp:attachment":[{"href":"https:\/\/www.studiogera.de\/001\/wp-json\/wp\/v2\/media?parent=20215"}],"wp:term":[{"taxonomy":"category","embeddable":true,"href":"https:\/\/www.studiogera.de\/001\/wp-json\/wp\/v2\/categories?post=20215"},{"taxonomy":"post_tag","embeddable":true,"href":"https:\/\/www.studiogera.de\/001\/wp-json\/wp\/v2\/tags?post=20215"}],"curies":[{"name":"wp","href":"https:\/\/api.w.org\/{rel}","templated":true}]}}